{"id":2056,"date":"2020-01-23T17:42:24","date_gmt":"2020-01-23T19:42:24","guid":{"rendered":"http:\/\/www.futuraconvites.com.br\/blog\/?p=2056"},"modified":"2020-09-25T10:29:32","modified_gmt":"2020-09-25T13:29:32","slug":"penteados-formatura","status":"publish","type":"post","link":"https:\/\/www.futuraconvites.com.br\/blog\/penteados-formatura\/","title":{"rendered":"Penteados para Formatura &#8211; Modelos para todos os tipos de Cabelos!"},"content":{"rendered":"\n<blockquote class=\"wp-block-quote\"><p><strong><em>Os penteados para formatura s\u00e3o os estilos de cabelos utilizados pelas formandas no dia do Baile de Gala, Cola\u00e7\u00e3o de Grau, Culto Ecum\u00eanico e os demais eventos.<\/em><\/strong><\/p><\/blockquote>\n\n\n\n<p>O momento mais esperado dos alunos do Ensino Superior \u00e9, sem d\u00favidas, sua formatura. Ela representa a conclus\u00e3o de um ciclo de muito esfor\u00e7o e aprendizado e os alunos possuem v\u00e1rias formas de celebrar esse momento. Os eventos mais comuns s\u00e3o a <a aria-label=\" (abre numa nova aba)\" href=\"http:\/\/www.futuraconvites.com.br\/blog\/o-que-e-colacao-de-grau\/\" target=\"_blank\" rel=\"noreferrer noopener\"><strong>Cola\u00e7\u00e3o de Grau<\/strong><\/a>, o <a aria-label=\" (abre numa nova aba)\" href=\"http:\/\/www.futuraconvites.com.br\/blog\/o-que-e-culto-ecumenico\/\" target=\"_blank\" rel=\"noreferrer noopener\"><strong>Culto Ecum\u00eanico<\/strong><\/a> e o <a aria-label=\" (abre numa nova aba)\" href=\"http:\/\/www.futuraconvites.com.br\/blog\/baile-formatura\/\" target=\"_blank\" rel=\"noreferrer noopener\"><strong>Baile de Formatura<\/strong><\/a>.&nbsp;<br><\/p>\n\n\n\n<p>Al\u00e9m da <a href=\"http:\/\/www.futuraconvites.com.br\/blog\/maquiagem-formatura\/\" target=\"_blank\" rel=\"noreferrer noopener\" aria-label=\" (abre numa nova aba)\"><strong>Maquiagem de Formatura<\/strong><\/a>, as formandas contam com diversos outros detalhes para se preparar para o grande dia! Um deles \u00e9 o penteado, ou seja, a prepara\u00e7\u00e3o dos cabelos. Pensando nisso, a Futura Convites separou diversos modelos de Penteados para Formatura pra voc\u00ea se inspirar! Vamos l\u00e1?<br><\/p>\n\n\n\n<ul><li>Siga a Futura Convites no <a href=\"http:\/\/bit.ly\/35vYXy9\" target=\"_blank\" rel=\"noreferrer noopener\" aria-label=\" (abre numa nova aba)\"><strong>Instagram<\/strong><\/a> e n\u00e3o perca nenhuma de nossas novidades!<\/li><\/ul>\n\n\n\n<h2>Como escolher o Penteado para Formatura?<\/h2>\n\n\n\n<p>Existem algumas dicas importantes para se escolher o melhor <strong>penteado <\/strong>para o grande dia da formatura. S\u00e3o elas:<br><\/p>\n\n\n\n<ol><li>Conhecer o tipo de cabelo;<\/li><li>Manter pelo menos duas ou tr\u00eas alternativas al\u00e9m do penteado escolhido, para que imprevistos sejam evitados;<\/li><li>Manter os cabelos hidratados e bem cuidados at\u00e9 o dia da formatura.<\/li><\/ol>\n\n\n\n<h2>Modelos de Penteados para Formatura<\/h2>\n\n\n\n<h3>Penteados para Formatura &#8211; Cabelos Curtos<\/h3>\n\n\n\n<p>Os <strong>cabelos curtos<\/strong> s\u00e3o tend\u00eancia entre as mulheres. Al\u00e9m disso, s\u00e3o cortes que remetem \u00e0 <strong>jovialidade <\/strong>e \u00e0 <strong>modernidade<\/strong>, e s\u00e3o totalmente <strong>pr\u00e1ticos<\/strong>. Com criatividade e algumas t\u00e9cnicas, \u00e9 poss\u00edvel criar diversos penteados bel\u00edssimos nos cabelos curtos.&nbsp;<br><\/p>\n\n\n\n<div class=\"wp-block-image\"><figure class=\"aligncenter size-large\"><img loading=\"lazy\" width=\"550\" height=\"275\" src=\"http:\/\/www.futuraconvites.com.br\/blog\/wp-content\/uploads\/2020\/01\/Penteado-Curto-2.jpg\" alt=\"exemplo de Penteado Curto (2)\" class=\"wp-image-2058\" srcset=\"https:\/\/www.futuraconvites.com.br\/blog\/wp-content\/uploads\/2020\/01\/Penteado-Curto-2.jpg 550w, https:\/\/www.futuraconvites.com.br\/blog\/wp-content\/uploads\/2020\/01\/Penteado-Curto-2-300x150.jpg 300w\" sizes=\"(max-width: 550px) 100vw, 550px\" \/><\/figure><\/div>\n\n\n\n<div class=\"wp-block-image\"><figure class=\"aligncenter size-large\"><img loading=\"lazy\" width=\"550\" height=\"275\" src=\"http:\/\/www.futuraconvites.com.br\/blog\/wp-content\/uploads\/2020\/01\/Penteado-Curto-5.jpg\" alt=\"Penteado Curto (5)\" class=\"wp-image-2061\" srcset=\"https:\/\/www.futuraconvites.com.br\/blog\/wp-content\/uploads\/2020\/01\/Penteado-Curto-5.jpg 550w, https:\/\/www.futuraconvites.com.br\/blog\/wp-content\/uploads\/2020\/01\/Penteado-Curto-5-300x150.jpg 300w\" sizes=\"(max-width: 550px) 100vw, 550px\" \/><\/figure><\/div>\n\n\n\n<div class=\"wp-block-image\"><figure class=\"aligncenter size-large\"><img loading=\"lazy\" width=\"550\" height=\"275\" src=\"http:\/\/www.futuraconvites.com.br\/blog\/wp-content\/uploads\/2020\/01\/Penteado-Curto-4.jpg\" alt=\"Penteado formatura Curto (4)\" class=\"wp-image-2060\" srcset=\"https:\/\/www.futuraconvites.com.br\/blog\/wp-content\/uploads\/2020\/01\/Penteado-Curto-4.jpg 550w, https:\/\/www.futuraconvites.com.br\/blog\/wp-content\/uploads\/2020\/01\/Penteado-Curto-4-300x150.jpg 300w\" sizes=\"(max-width: 550px) 100vw, 550px\" \/><\/figure><\/div>\n\n\n\n<div class=\"wp-block-image\"><figure class=\"aligncenter size-large\"><img loading=\"lazy\" width=\"550\" height=\"275\" src=\"http:\/\/www.futuraconvites.com.br\/blog\/wp-content\/uploads\/2020\/01\/Penteado-Curto-3.jpg\" alt=\"Penteado Curto (3)\" class=\"wp-image-2059\" srcset=\"https:\/\/www.futuraconvites.com.br\/blog\/wp-content\/uploads\/2020\/01\/Penteado-Curto-3.jpg 550w, https:\/\/www.futuraconvites.com.br\/blog\/wp-content\/uploads\/2020\/01\/Penteado-Curto-3-300x150.jpg 300w\" sizes=\"(max-width: 550px) 100vw, 550px\" \/><\/figure><\/div>\n\n\n\n<div class=\"wp-block-image\"><figure class=\"aligncenter size-large\"><img loading=\"lazy\" width=\"550\" height=\"275\" src=\"http:\/\/www.futuraconvites.com.br\/blog\/wp-content\/uploads\/2020\/01\/Penteado-Curto-1.jpg\" alt=\"Penteado Curto (1)\" class=\"wp-image-2057\" srcset=\"https:\/\/www.futuraconvites.com.br\/blog\/wp-content\/uploads\/2020\/01\/Penteado-Curto-1.jpg 550w, https:\/\/www.futuraconvites.com.br\/blog\/wp-content\/uploads\/2020\/01\/Penteado-Curto-1-300x150.jpg 300w\" sizes=\"(max-width: 550px) 100vw, 550px\" \/><\/figure><\/div>\n\n\n\n<h3>Penteados para Formatura &#8211; Cabelos M\u00e9dios<\/h3>\n\n\n\n<p>Os <strong>cabelos m\u00e9dios<\/strong> s\u00e3o definidos como os que possuem comprimento desde o ombro at\u00e9 cerca de cinco dedos ap\u00f3s ele. Por isso, devido ao seu tamanho, existem <strong>variedades maiores<\/strong> de tipos de penteados para formatura.<br><\/p>\n\n\n\n<div class=\"wp-block-image\"><figure class=\"aligncenter size-large\"><img loading=\"lazy\" width=\"550\" height=\"275\" src=\"http:\/\/www.futuraconvites.com.br\/blog\/wp-content\/uploads\/2020\/01\/Penteado-M\u00e9dio-5.jpg\" alt=\"exemplo Penteado formatura M\u00e9dio (5)\" class=\"wp-image-2071\" srcset=\"https:\/\/www.futuraconvites.com.br\/blog\/wp-content\/uploads\/2020\/01\/Penteado-M\u00e9dio-5.jpg 550w, https:\/\/www.futuraconvites.com.br\/blog\/wp-content\/uploads\/2020\/01\/Penteado-M\u00e9dio-5-300x150.jpg 300w\" sizes=\"(max-width: 550px) 100vw, 550px\" \/><\/figure><\/div>\n\n\n\n<div class=\"wp-block-image\"><figure class=\"aligncenter size-large\"><img loading=\"lazy\" width=\"550\" height=\"275\" src=\"http:\/\/www.futuraconvites.com.br\/blog\/wp-content\/uploads\/2020\/01\/Penteado-M\u00e9dio-3.jpg\" alt=\"Penteado M\u00e9dio (3)\" class=\"wp-image-2069\" srcset=\"https:\/\/www.futuraconvites.com.br\/blog\/wp-content\/uploads\/2020\/01\/Penteado-M\u00e9dio-3.jpg 550w, https:\/\/www.futuraconvites.com.br\/blog\/wp-content\/uploads\/2020\/01\/Penteado-M\u00e9dio-3-300x150.jpg 300w\" sizes=\"(max-width: 550px) 100vw, 550px\" \/><\/figure><\/div>\n\n\n\n<div class=\"wp-block-image\"><figure class=\"aligncenter size-large\"><img loading=\"lazy\" width=\"550\" height=\"275\" src=\"http:\/\/www.futuraconvites.com.br\/blog\/wp-content\/uploads\/2020\/01\/Penteado-M\u00e9dio-2.jpg\" alt=\"Penteado formatura M\u00e9dio (2)\" class=\"wp-image-2068\" srcset=\"https:\/\/www.futuraconvites.com.br\/blog\/wp-content\/uploads\/2020\/01\/Penteado-M\u00e9dio-2.jpg 550w, https:\/\/www.futuraconvites.com.br\/blog\/wp-content\/uploads\/2020\/01\/Penteado-M\u00e9dio-2-300x150.jpg 300w\" sizes=\"(max-width: 550px) 100vw, 550px\" \/><\/figure><\/div>\n\n\n\n<div class=\"wp-block-image\"><figure class=\"aligncenter size-large\"><img loading=\"lazy\" width=\"550\" height=\"275\" src=\"http:\/\/www.futuraconvites.com.br\/blog\/wp-content\/uploads\/2020\/01\/Penteado-M\u00e9dio-1.jpg\" alt=\"Penteado M\u00e9dio (1)\" class=\"wp-image-2067\" srcset=\"https:\/\/www.futuraconvites.com.br\/blog\/wp-content\/uploads\/2020\/01\/Penteado-M\u00e9dio-1.jpg 550w, https:\/\/www.futuraconvites.com.br\/blog\/wp-content\/uploads\/2020\/01\/Penteado-M\u00e9dio-1-300x150.jpg 300w\" sizes=\"(max-width: 550px) 100vw, 550px\" \/><\/figure><\/div>\n\n\n\n<h3>Penteados para Formatura &#8211; Cabelos Longos<\/h3>\n\n\n\n<p>Os <strong>cabelos longos<\/strong> s\u00e3o os tipos de cabelos que mais possuem variedades de <strong>modelos de penteados <\/strong>para formatura. Sendo assim, tran\u00e7as, rabos de cavalos, coques e meio soltos s\u00e3o alguns dos tipos de penteados que comportam in\u00fameros modelos.<br><\/p>\n\n\n\n<div class=\"wp-block-image\"><figure class=\"aligncenter size-large\"><img loading=\"lazy\" width=\"550\" height=\"275\" src=\"http:\/\/www.futuraconvites.com.br\/blog\/wp-content\/uploads\/2020\/01\/Penteado-Longo-4.jpg\" alt=\"Penteado formatura Longo (4)\" class=\"wp-image-2065\" srcset=\"https:\/\/www.futuraconvites.com.br\/blog\/wp-content\/uploads\/2020\/01\/Penteado-Longo-4.jpg 550w, https:\/\/www.futuraconvites.com.br\/blog\/wp-content\/uploads\/2020\/01\/Penteado-Longo-4-300x150.jpg 300w\" sizes=\"(max-width: 550px) 100vw, 550px\" \/><\/figure><\/div>\n\n\n\n<div class=\"wp-block-image\"><figure class=\"aligncenter size-large\"><img loading=\"lazy\" width=\"550\" height=\"275\" src=\"http:\/\/www.futuraconvites.com.br\/blog\/wp-content\/uploads\/2020\/01\/Penteado-Longo-1.jpg\" alt=\"Penteado formatura Longo (1)\" class=\"wp-image-2062\" srcset=\"https:\/\/www.futuraconvites.com.br\/blog\/wp-content\/uploads\/2020\/01\/Penteado-Longo-1.jpg 550w, https:\/\/www.futuraconvites.com.br\/blog\/wp-content\/uploads\/2020\/01\/Penteado-Longo-1-300x150.jpg 300w\" sizes=\"(max-width: 550px) 100vw, 550px\" \/><\/figure><\/div>\n\n\n\n<div class=\"wp-block-image\"><figure class=\"aligncenter size-large\"><img loading=\"lazy\" width=\"550\" height=\"275\" src=\"http:\/\/www.futuraconvites.com.br\/blog\/wp-content\/uploads\/2020\/01\/Penteado-Longo-2.jpg\" alt=\"Penteado Longo (2)\" class=\"wp-image-2063\" srcset=\"https:\/\/www.futuraconvites.com.br\/blog\/wp-content\/uploads\/2020\/01\/Penteado-Longo-2.jpg 550w, https:\/\/www.futuraconvites.com.br\/blog\/wp-content\/uploads\/2020\/01\/Penteado-Longo-2-300x150.jpg 300w\" sizes=\"(max-width: 550px) 100vw, 550px\" \/><\/figure><\/div>\n\n\n\n<div class=\"wp-block-image\"><figure class=\"aligncenter size-large\"><img loading=\"lazy\" width=\"550\" height=\"275\" src=\"http:\/\/www.futuraconvites.com.br\/blog\/wp-content\/uploads\/2020\/01\/Penteado-Longo-3.jpg\" alt=\"Penteado Longo (3)\" class=\"wp-image-2064\" srcset=\"https:\/\/www.futuraconvites.com.br\/blog\/wp-content\/uploads\/2020\/01\/Penteado-Longo-3.jpg 550w, https:\/\/www.futuraconvites.com.br\/blog\/wp-content\/uploads\/2020\/01\/Penteado-Longo-3-300x150.jpg 300w\" sizes=\"(max-width: 550px) 100vw, 550px\" \/><\/figure><\/div>\n\n\n\n<div class=\"wp-block-image\"><figure class=\"aligncenter size-large\"><img loading=\"lazy\" width=\"550\" height=\"275\" src=\"http:\/\/www.futuraconvites.com.br\/blog\/wp-content\/uploads\/2020\/01\/Penteado-Longo-5.jpg\" alt=\"Penteado formatura Longo (5)\" class=\"wp-image-2066\" srcset=\"https:\/\/www.futuraconvites.com.br\/blog\/wp-content\/uploads\/2020\/01\/Penteado-Longo-5.jpg 550w, https:\/\/www.futuraconvites.com.br\/blog\/wp-content\/uploads\/2020\/01\/Penteado-Longo-5-300x150.jpg 300w\" sizes=\"(max-width: 550px) 100vw, 550px\" \/><\/figure><\/div>\n\n\n\n<h2>A Futura Convites<\/h2>\n\n\n\n<p>A <a href=\"http:\/\/bit.ly\/32JiWHO\"><strong>Futura Convites<\/strong><\/a><strong> <\/strong>possui uma ampla variedade de modelos de convites de formatura. Com seu pr\u00f3prio parque gr\u00e1fico, a Futura j\u00e1 realizou o sonho de mais de 80 mil alunos, em 140 cidades diferentes. S\u00e3o quase 2 milh\u00f5es de convites produzidos e 20 anos de compromisso, criatividade, coopera\u00e7\u00e3o e impecabilidade.<br><\/p>\n\n\n\n<p>Tornamos o sonho de v\u00e1rios formandos em realidade com nossos convites diferenciados e de alta qualidade, se preocupando com todos os detalhes e acabamentos, desde a solicita\u00e7\u00e3o de or\u00e7amento at\u00e9 a data de entrega. Tudo \u00e9 acompanhado de perto para que voc\u00ea tenha sua satisfa\u00e7\u00e3o em primeiro lugar. Al\u00e9m disso, o seu convite \u00e9 feito de forma totalmente personalizada e exclusiva!<br><\/p>\n\n\n\n<p>Gostou de conferir dicas de Penteados para Formatura? Veja todos os nossos <a href=\"http:\/\/futuraconvites.com.br\/Convites-de-formatura.html\" target=\"_blank\" rel=\"noreferrer noopener\" aria-label=\" (abre numa nova aba)\"><strong>Modelos de Convites de Formatura<\/strong><\/a>.<br><\/p>\n\n\n\n<p>Entre em contato conosco e fa\u00e7a um <a rel=\"noreferrer noopener\" href=\"https:\/\/mkt.futuraexpress.com.br\/orcamento-fc\" target=\"_blank\"><strong>or\u00e7amento<\/strong><\/a>! <\/p>\n\n\n\n<div role=\"main\" id=\"newsletter-post-fc-18722d853e9873042a99\"><\/div>\n<script type=\"text\/javascript\" src=\"https:\/\/d335luupugsy2.cloudfront.net\/js\/rdstation-forms\/stable\/rdstation-forms.min.js\"><\/script>\n<script type=\"text\/javascript\"> new RDStationForms('newsletter-post-fc-18722d853e9873042a99', 'UA-17245279-5').createForm();<\/script>\n","protected":false},"excerpt":{"rendered":"<p>Os penteados para formatura s\u00e3o os estilos de cabelos utilizados pelas formandas no dia do Baile de Gala, Cola\u00e7\u00e3o de Grau, Culto Ecum\u00eanico e os demais eventos. O momento mais esperado dos alunos do Ensino Superior \u00e9, sem d\u00favidas, sua formatura. Ela representa a conclus\u00e3o de um ciclo de muito esfor\u00e7o e aprendizado e os [&hellip;]<\/p>\n","protected":false},"author":10,"featured_media":2072,"comment_status":"open","ping_status":"open","sticky":false,"template":"","format":"standard","meta":[],"categories":[183],"tags":[268,271,270,272,269,267],"yoast_head":"<!-- This site is optimized with the Yoast SEO plugin v15.0 - https:\/\/yoast.com\/wordpress\/plugins\/seo\/ -->\r\n<title>Penteados para Formatura - Modelos INCR\u00cdVEIS para Todos!<\/title>\r\n<meta name=\"description\" content=\"Confira os melhores modelos PENTEADOS PARA FORMATURA e se inspire para escolher o penteado que ir\u00e1 utilizar em sua Formatura!\" \/>\r\n<meta name=\"robots\" content=\"index, follow, max-snippet:-1, max-image-preview:large, max-video-preview:-1\" \/>\r\n<link rel=\"canonical\" href=\"http:\/\/www.futuraconvites.com.br\/blog\/penteados-formatura\/\" \/>\r\n<meta property=\"og:locale\" content=\"pt_BR\" \/>\r\n<meta property=\"og:type\" content=\"article\" \/>\r\n<meta property=\"og:title\" content=\"Penteados para Formatura - Modelos INCR\u00cdVEIS para Todos!\" \/>\r\n<meta property=\"og:description\" content=\"Confira os melhores modelos PENTEADOS PARA FORMATURA e se inspire para escolher o penteado que ir\u00e1 utilizar em sua Formatura!\" \/>\r\n<meta property=\"og:url\" content=\"http:\/\/www.futuraconvites.com.br\/blog\/penteados-formatura\/\" \/>\r\n<meta property=\"og:site_name\" content=\"Blog Futura Convites\" \/>\r\n<meta property=\"article:publisher\" content=\"https:\/\/www.facebook.com\/futuraconvites\" \/>\r\n<meta property=\"article:published_time\" content=\"2020-01-23T19:42:24+00:00\" \/>\r\n<meta property=\"article:modified_time\" content=\"2020-09-25T13:29:32+00:00\" \/>\r\n<meta property=\"og:image\" content=\"https:\/\/www.futuraconvites.com.br\/blog\/wp-content\/uploads\/2020\/01\/Penteados-para-Formatura.jpg\" \/>\r\n\t<meta property=\"og:image:width\" content=\"781\" \/>\r\n\t<meta property=\"og:image:height\" content=\"390\" \/>\r\n<meta name=\"twitter:card\" content=\"summary\" \/>\r\n<meta name=\"twitter:creator\" content=\"@narasilvabh\" \/>\r\n<script type=\"application\/ld+json\" class=\"yoast-schema-graph\">{\"@context\":\"https:\/\/schema.org\",\"@graph\":[{\"@type\":\"Organization\",\"@id\":\"https:\/\/www.futuraconvites.com.br\/blog\/#organization\",\"name\":\"Futura Convites\",\"url\":\"https:\/\/www.futuraconvites.com.br\/blog\/\",\"sameAs\":[\"https:\/\/www.facebook.com\/futuraconvites\",\"https:\/\/www.instagram.com\/futuraconvites\/\",\"https:\/\/www.youtube.com\/channel\/UCUCwRP5jzATl8ja3cjDm4Iw\",\"https:\/\/br.pinterest.com\/futuraconvites\/\"],\"logo\":{\"@type\":\"ImageObject\",\"@id\":\"https:\/\/www.futuraconvites.com.br\/blog\/#logo\",\"inLanguage\":\"pt-BR\",\"url\":\"https:\/\/www.futuraconvites.com.br\/blog\/wp-content\/uploads\/2016\/07\/logo_futuraconvites.png\",\"width\":180,\"height\":72,\"caption\":\"Futura Convites\"},\"image\":{\"@id\":\"https:\/\/www.futuraconvites.com.br\/blog\/#logo\"}},{\"@type\":\"WebSite\",\"@id\":\"https:\/\/www.futuraconvites.com.br\/blog\/#website\",\"url\":\"https:\/\/www.futuraconvites.com.br\/blog\/\",\"name\":\"Blog Futura Convites\",\"description\":\"Convites, Cerim\\u00f4nias de Formatura e mais! \",\"publisher\":{\"@id\":\"https:\/\/www.futuraconvites.com.br\/blog\/#organization\"},\"potentialAction\":[{\"@type\":\"SearchAction\",\"target\":\"https:\/\/www.futuraconvites.com.br\/blog\/?s={search_term_string}\",\"query-input\":\"required name=search_term_string\"}],\"inLanguage\":\"pt-BR\"},{\"@type\":\"ImageObject\",\"@id\":\"http:\/\/www.futuraconvites.com.br\/blog\/penteados-formatura\/#primaryimage\",\"inLanguage\":\"pt-BR\",\"url\":\"https:\/\/www.futuraconvites.com.br\/blog\/wp-content\/uploads\/2020\/01\/Penteados-para-Formatura.jpg\",\"width\":781,\"height\":390,\"caption\":\"Penteados para Formatura\"},{\"@type\":\"WebPage\",\"@id\":\"http:\/\/www.futuraconvites.com.br\/blog\/penteados-formatura\/#webpage\",\"url\":\"http:\/\/www.futuraconvites.com.br\/blog\/penteados-formatura\/\",\"name\":\"Penteados para Formatura - Modelos INCR\\u00cdVEIS para Todos!\",\"isPartOf\":{\"@id\":\"https:\/\/www.futuraconvites.com.br\/blog\/#website\"},\"primaryImageOfPage\":{\"@id\":\"http:\/\/www.futuraconvites.com.br\/blog\/penteados-formatura\/#primaryimage\"},\"datePublished\":\"2020-01-23T19:42:24+00:00\",\"dateModified\":\"2020-09-25T13:29:32+00:00\",\"description\":\"Confira os melhores modelos PENTEADOS PARA FORMATURA e se inspire para escolher o penteado que ir\\u00e1 utilizar em sua Formatura!\",\"inLanguage\":\"pt-BR\",\"potentialAction\":[{\"@type\":\"ReadAction\",\"target\":[\"http:\/\/www.futuraconvites.com.br\/blog\/penteados-formatura\/\"]}]},{\"@type\":\"Article\",\"@id\":\"http:\/\/www.futuraconvites.com.br\/blog\/penteados-formatura\/#article\",\"isPartOf\":{\"@id\":\"http:\/\/www.futuraconvites.com.br\/blog\/penteados-formatura\/#webpage\"},\"author\":{\"@id\":\"https:\/\/www.futuraconvites.com.br\/blog\/#\/schema\/person\/7b6b8964f89bbf07d39b5c00049fe8de\"},\"headline\":\"Penteados para Formatura &#8211; Modelos para todos os tipos de Cabelos!\",\"datePublished\":\"2020-01-23T19:42:24+00:00\",\"dateModified\":\"2020-09-25T13:29:32+00:00\",\"mainEntityOfPage\":{\"@id\":\"http:\/\/www.futuraconvites.com.br\/blog\/penteados-formatura\/#webpage\"},\"commentCount\":0,\"publisher\":{\"@id\":\"https:\/\/www.futuraconvites.com.br\/blog\/#organization\"},\"image\":{\"@id\":\"http:\/\/www.futuraconvites.com.br\/blog\/penteados-formatura\/#primaryimage\"},\"keywords\":\"penteados,penteados cabelo curto,penteados cabelo longo,penteados cabelo medio,penteados formatura,penteados para formatura\",\"articleSection\":\"Formatura\",\"inLanguage\":\"pt-BR\",\"potentialAction\":[{\"@type\":\"CommentAction\",\"name\":\"Comment\",\"target\":[\"http:\/\/www.futuraconvites.com.br\/blog\/penteados-formatura\/#respond\"]}]},{\"@type\":\"Person\",\"@id\":\"https:\/\/www.futuraconvites.com.br\/blog\/#\/schema\/person\/7b6b8964f89bbf07d39b5c00049fe8de\",\"name\":\"Nara Silva\",\"image\":{\"@type\":\"ImageObject\",\"@id\":\"https:\/\/www.futuraconvites.com.br\/blog\/#personlogo\",\"inLanguage\":\"pt-BR\",\"url\":\"https:\/\/secure.gravatar.com\/avatar\/c9344d249d5317d270e7f823f8b16f89?s=96&d=mm&r=g\",\"caption\":\"Nara Silva\"},\"description\":\"Nara \\u00e9 estudante de Jornalismo e \\u00e9 apaixonada pela an\\u00e1lise de esportes e livros. Ela \\u00e9 redatora e especialista em SEO e faz parte da equipe de Marketing e Conte\\u00fado da Futura Express e Futura Convites. A Nara adora sair com os amigos, sempre est\\u00e1 disposta a ajudar o pr\\u00f3ximo e n\\u00e3o dispensa uma boa x\\u00edcara de caf\\u00e9. Conhe\\u00e7a mais os seus textos!\",\"sameAs\":[\"https:\/\/twitter.com\/narasilvabh\"]}]}<\/script>\r\n<!-- \/ Yoast SEO plugin. -->","_links":{"self":[{"href":"https:\/\/www.futuraconvites.com.br\/blog\/wp-json\/wp\/v2\/posts\/2056"}],"collection":[{"href":"https:\/\/www.futuraconvites.com.br\/blog\/wp-json\/wp\/v2\/posts"}],"about":[{"href":"https:\/\/www.futuraconvites.com.br\/blog\/wp-json\/wp\/v2\/types\/post"}],"author":[{"embeddable":true,"href":"https:\/\/www.futuraconvites.com.br\/blog\/wp-json\/wp\/v2\/users\/10"}],"replies":[{"embeddable":true,"href":"https:\/\/www.futuraconvites.com.br\/blog\/wp-json\/wp\/v2\/comments?post=2056"}],"version-history":[{"count":11,"href":"https:\/\/www.futuraconvites.com.br\/blog\/wp-json\/wp\/v2\/posts\/2056\/revisions"}],"predecessor-version":[{"id":3265,"href":"https:\/\/www.futuraconvites.com.br\/blog\/wp-json\/wp\/v2\/posts\/2056\/revisions\/3265"}],"wp:featuredmedia":[{"embeddable":true,"href":"https:\/\/www.futuraconvites.com.br\/blog\/wp-json\/wp\/v2\/media\/2072"}],"wp:attachment":[{"href":"https:\/\/www.futuraconvites.com.br\/blog\/wp-json\/wp\/v2\/media?parent=2056"}],"wp:term":[{"taxonomy":"category","embeddable":true,"href":"https:\/\/www.futuraconvites.com.br\/blog\/wp-json\/wp\/v2\/categories?post=2056"},{"taxonomy":"post_tag","embeddable":true,"href":"https:\/\/www.futuraconvites.com.br\/blog\/wp-json\/wp\/v2\/tags?post=2056"}],"curies":[{"name":"wp","href":"https:\/\/api.w.org\/{rel}","templated":true}]}}