{"id":2083,"date":"2020-01-30T10:34:45","date_gmt":"2020-01-30T12:34:45","guid":{"rendered":"http:\/\/www.futuraconvites.com.br\/blog\/?p=2083"},"modified":"2020-09-25T10:40:20","modified_gmt":"2020-09-25T13:40:20","slug":"discurso-de-formatura","status":"publish","type":"post","link":"https:\/\/www.futuraconvites.com.br\/blog\/discurso-de-formatura\/","title":{"rendered":"Discurso de Formatura &#8211; Dicas e Exemplos Incr\u00edveis para se inspirar!"},"content":{"rendered":"\n<blockquote class=\"wp-block-quote\"><p><strong><em>O discurso de formatura \u00e9 o momento em que o orador de uma turma de formandos do Ensino Superior &#8211; ou M\u00e9dio &#8211; discursa na cerim\u00f4nia de Cola\u00e7\u00e3o de Grau.<\/em><\/strong><br><\/p><\/blockquote>\n\n\n\n<p>A cola\u00e7\u00e3o de grau \u00e9 uma <strong>solenidade <\/strong>obrigat\u00f3ria na gradua\u00e7\u00e3o, em que o estudante que concluiu o Ensino Superior finalmente recebe seu diploma. Este tamb\u00e9m \u00e9 o momento em que o <strong>grau de licenciado ou bacharelado<\/strong> \u00e9 concedido aos alunos, que agora podem exercer a profiss\u00e3o escolhida.<br><\/p>\n\n\n\n<p>Nesta <strong>cerim\u00f4nia formal <\/strong>\u00e9 onde os diplomas s\u00e3o entregues, e tamb\u00e9m onde os discursos e homenagens s\u00e3o realizados, al\u00e9m da realiza\u00e7\u00e3o do juramento &#8211; que cont\u00e9m os deveres e responsabilidades do profissional para com a sociedade.<br><\/p>\n\n\n\n<p>O <strong>discurso de formatura<\/strong> \u00e9 um dos principais momentos da cola\u00e7\u00e3o de grau. Neste momento, a trajet\u00f3ria da turma \u00e9 relembrada, pontuando os seus melhores momentos, sempre ressaltando a gratid\u00e3o \u00e0queles que foram essenciais para que os formandos atingissem esse objetivo.<br><\/p>\n\n\n\n<p>O <strong>orador<\/strong>, escolhido pela turma, deve possuir uma <strong>boa orat\u00f3ria<\/strong>, para envolver, atrav\u00e9s de seu discurso, todos os presentes. Este discurso deve ser <strong>sucinto<\/strong>, feito com <strong>criatividade <\/strong>e deve possuir sua <strong>carga emocional<\/strong>.<\/p>\n\n\n\n<h2>Dicas para o Discurso de Formatura<\/h2>\n\n\n\n<div class=\"wp-block-image\"><figure class=\"aligncenter size-large\"><img loading=\"lazy\" width=\"550\" height=\"275\" src=\"http:\/\/www.futuraconvites.com.br\/blog\/wp-content\/uploads\/2020\/01\/Discurso-Orador-da-Turma.jpg\" alt=\"dicas para o Discurso Orador da Turma\" class=\"wp-image-2086\" srcset=\"https:\/\/www.futuraconvites.com.br\/blog\/wp-content\/uploads\/2020\/01\/Discurso-Orador-da-Turma.jpg 550w, https:\/\/www.futuraconvites.com.br\/blog\/wp-content\/uploads\/2020\/01\/Discurso-Orador-da-Turma-300x150.jpg 300w\" sizes=\"(max-width: 550px) 100vw, 550px\" \/><\/figure><\/div>\n\n\n\n<p>A <a rel=\"noreferrer noopener\" href=\"http:\/\/bit.ly\/32JiWHO\" target=\"_blank\"><strong>Futura Convites<\/strong><\/a> preparou algumas dicas de como montar um bom discurso de formatura e tamb\u00e9m separou alguns exemplos para voc\u00ea se inspirar. Vamos l\u00e1?<\/p>\n\n\n\n<ul><li><strong><a href=\"http:\/\/www.futuraconvites.com.br\/blog\/o-que-e-colacao-de-grau\/\" target=\"_blank\" rel=\"noreferrer noopener\" aria-label=\"Aprenda tamb\u00e9m o que \u00e9 o Roteiro da Cola\u00e7\u00e3o de Grau. (abre numa nova aba)\">Aprenda tamb\u00e9m o que \u00e9 o Roteiro da Cola\u00e7\u00e3o de Grau.<\/a><\/strong><\/li><\/ul>\n\n\n\n<h3>1. Definir o Tema Central e a Estrutura do Discurso de Formatura<\/h3>\n\n\n\n<p>Para que se desenvolva um bom discurso de formatura, \u00e9 extremamente importante que este possua um<strong> tema central e significativo <\/strong>para a turma de formandos. Os principais temas de discursos s\u00e3o: <strong>maturidade<\/strong>, <strong>transforma\u00e7\u00e3o<\/strong>, <strong>supera\u00e7\u00e3o <\/strong>e <strong>conquista<\/strong>.<br><\/p>\n\n\n\n<p>\u00c9 preciso bastante cautela para escolher a tem\u00e1tica, pois ser\u00e1 o fundamento de todo o discurso de formatura. Por isso, <strong>relembrar os melhores momentos<\/strong>, bem como os desafios superados s\u00e3o \u00f3timas dicas.<br><\/p>\n\n\n\n<p>Al\u00e9m disso, tamb\u00e9m \u00e9 preciso ter cuidado com a estrutura do discurso de formatura, que conta com:<br><\/p>\n\n\n\n<ul><li><strong>Abertura: <\/strong>cont\u00e9m os agradecimentos aos presentes, a apresenta\u00e7\u00e3o do tema e a prepara\u00e7\u00e3o para os conceitos do discurso;<\/li><li><strong>Desenvolvimento: <\/strong>momento em que a hist\u00f3ria da turma \u00e9 contada com exemplos de situa\u00e7\u00f5es vividas pela turma;<\/li><li><strong>Conclus\u00e3o: <\/strong>\u00e9 feita a reflex\u00e3o sobre o futuro profissional da turma e os agradecimentos finais.<\/li><\/ul>\n\n\n\n<h3>2. Compartilhar Experi\u00eancias Pessoais<\/h3>\n\n\n\n<p>Uma boa forma de exemplificar o tema central do discurso \u00e9 com <strong>experi\u00eancias pr\u00f3prias<\/strong> do orador da turma. O compartilhamento de viv\u00eancias e emo\u00e7\u00f5es que marcaram a gradua\u00e7\u00e3o, bem como as vit\u00f3rias obtidas durante o processo, s\u00e3o \u00f3timos como exemplos.<br><\/p>\n\n\n\n<p>Contudo, \u00e9 importante ressaltar que essas experi\u00eancias precisam <strong>ser compat\u00edveis com a realidade de todos os formandos<\/strong>. Ou seja, as experi\u00eancias precisam fazer com que o restante da turma se identifique.<\/p>\n\n\n\n<h3>3. Impacto, Carisma e Entusiasmo<\/h3>\n\n\n\n<p>Um bom discurso de formatura traz consigo o <strong>carisma do orador e a criatividade<\/strong>, que prendem a aten\u00e7\u00e3o do p\u00fablico. Al\u00e9m disso, \u00e9 preciso que a naturalidade seja transmitida, utilizando a linguagem formal, unindo per\u00edodos de <strong>descontra\u00e7\u00e3o <\/strong>e <strong>seriedade<\/strong>.<br><\/p>\n\n\n\n<p>A utiliza\u00e7\u00e3o do <strong>humor <\/strong>com <strong>express\u00f5es <\/strong>e <strong>piadas internas<\/strong> demonstram a uni\u00e3o da turma, tornando o discurso mais pessoal e \u00fanico. Al\u00e9m disso, \u00e9 importante que haja a carga emocional, como dissemos, e que a <strong>felicidade <\/strong>pela conquista seja transmitida.<\/p>\n\n\n\n<h3>4. Agradecimentos \u00e0s Pessoas Importantes<\/h3>\n\n\n\n<p>O <strong>agradecimentos <\/strong>\u00e0queles que foram importantes para a caminhada dos formandos n\u00e3o pode faltar no discurso de formatura. Familiares, professores, funcion\u00e1rios da universidades e<strong> figuras importantes <\/strong>para a jornada dos alunos precisam ser citados e agradecidos.&nbsp;<\/p>\n\n\n\n<h3>5. N\u00e3o se prender a Discursos Prontos<\/h3>\n\n\n\n<p>O discurso de formatura precisa <strong>expressar a identidade<\/strong>, as supera\u00e7\u00f5es e aspectos importantes dos formandos, e isso \u00e9 totalmente pessoal, variando de turma para turma. Os discursos prontos, como os que traremos a seguir, servem somente para <strong>inspirar o orador <\/strong>da turma na hora de montar o pr\u00f3prio discurso, que jamais deve ser copiado.<\/p>\n\n\n\n<h2>Exemplos de Discurso de Formatura<\/h2>\n\n\n\n<div class=\"wp-block-image\"><figure class=\"aligncenter size-large\"><img loading=\"lazy\" width=\"550\" height=\"275\" src=\"http:\/\/www.futuraconvites.com.br\/blog\/wp-content\/uploads\/2020\/01\/Discurso-Cola\u00e7\u00e3o-de-Grau.jpg\" alt=\"Discurso Cola\u00e7\u00e3o de Grau\" class=\"wp-image-2084\" srcset=\"https:\/\/www.futuraconvites.com.br\/blog\/wp-content\/uploads\/2020\/01\/Discurso-Cola\u00e7\u00e3o-de-Grau.jpg 550w, https:\/\/www.futuraconvites.com.br\/blog\/wp-content\/uploads\/2020\/01\/Discurso-Cola\u00e7\u00e3o-de-Grau-300x150.jpg 300w\" sizes=\"(max-width: 550px) 100vw, 550px\" \/><\/figure><\/div>\n\n\n\n<blockquote class=\"wp-block-quote\"><p><em>Primeiramente, boa noite a todos, gostaria de agradecer pelo privil\u00e9gio de ser o orador de nossa turma nesta noite. Em nome dos formandos gostaria de agradecer a presen\u00e7a de todos que est\u00e3o aqui, todos aqueles que se disponibilizaram para participar desta ocasi\u00e3o t\u00e3o especial. Hoje conclu\u00edmos mais uma etapa de nossas vidas e esta, sem d\u00favidas, \u00e9 apenas uma das tantas vit\u00f3rias que est\u00e3o por vir.<\/em><br><\/p><p><em>Ao longo de todos esses anos na escola convivemos com muitas pessoas. Professores e colegas vieram e se foram e deles levamos apenas as boas lembran\u00e7as conosco. Hoje \u00e9 tamb\u00e9m um dia de despedidas. Talvez amanh\u00e3 ainda nos falemos, mas e daqui a uma semana? Ou quem sabe daqui a um m\u00eas. Ser\u00e1 que nos reconheceremos daqui a 10 anos?&nbsp;<\/em><br><\/p><p><em>Pois \u00e9, a vida nos separa, mas as mem\u00f3rias permanecem, os bons momentos que passamos juntos n\u00e3o nos abandonam. E daqui a alguns anos n\u00f3s iremos olhar para tr\u00e1s e iremos pensar &#8220;onde est\u00e1 a minha turma do ensino m\u00e9dio?&#8221; E ser\u00e1 neste momento que os cora\u00e7\u00f5es ir\u00e3o apertar e as \u00fanicas coisas que teremos para nos agarrar ser\u00e3o nossas lembran\u00e7as e a saudade.<\/em><br><\/p><p><em>Certa vez o fil\u00f3sofo Olavo de Carvalho disse &#8220;h\u00e1 coisas que s\u00e3o boas por alguns instantes, outras por algum tempo. S\u00f3 algumas s\u00e3o para sempre&#8221; e o que poderia ser a escola se n\u00e3o um conjunto desses momentos que ser\u00e3o eternos em nossas mentes? A escola foi o nosso primeiro desafio, local de nossas primeiras intera\u00e7\u00f5es sociais, tamb\u00e9m foi o local onde come\u00e7amos a ter responsabilidades, mas acima de tudo foi onde nos tornamos quem somos.<\/em><br><\/p><p><em>Na f\u00edsica existe uma teoria chamada Teoria do Caos, ela fala sobre como acontecimentos aparentemente irrelevantes podem vir a ter consequ\u00eancias gigantescas no futuro. Uma das frases mais c\u00e9lebres sobre a mesma \u00e9 aquela que diz \u201cO bater de asas de uma borboleta no Brasil seria capaz de causar um furac\u00e3o no Texas\u201d.<\/em><br><\/p><p><em>Parece um tanto absurdo, mas foi exatamente o que nos ocorreu, os sussurros do passado que diziam \u201ccorra atr\u00e1s, estude, siga em frente, voc\u00ea \u00e9 capaz\u201d tornaram-se furac\u00f5es e mudaram nossas vidas. E todos esses acontecimentos fizeram com que estiv\u00e9ssemos aqui hoje.<\/em><br><\/p><p><em>\u00c9 engra\u00e7ado como durante anos n\u00f3s cont\u00e1vamos os dias para as f\u00e9rias, mas desta vez foi um pouco diferente, quando \u00edamos pedir por f\u00e9rias, n\u00f3s tivemos uma epifania, n\u00e3o haver\u00e1 f\u00e9rias, n\u00e3o haver\u00e1 rematr\u00edcula na escola, n\u00e3o haver\u00e1 compras de materiais novos. Para serem f\u00e9rias \u00e9 necess\u00e1ria uma data para voltar, e desta vez n\u00e3o voltaremos.<\/em><br><\/p><p><em>Esperamos concluir a escola durante tanto tempo, que agora, no fim, vemos quanta falta ela nos far\u00e1. Sentiremos saudades das risadas, das brincadeiras, at\u00e9 mesmo dos pux\u00f5es de orelha, mesmo que esse \u00faltimo nem tanto, sentiremos saudades do local, do cheiro dos livros novos, e sem d\u00favida alguma, do lanche tamb\u00e9m.<\/em><br><\/p><p><em>Passamos muito tempo aprendendo, e aprendemos. Aprendemos a ler, a escrever, aprendemos que 1+1 s\u00e3o 11, e que dom Pedro 2\u00b0 descobriu o Brasil. Ou n\u00e3o? Ser\u00e1 que foi isto mesmo? Bem talvez, mas o aprendizado nunca termina, pois o conhecimento \u00e9 a \u00fanica coisa que levaremos sempre conosco.<\/em><br><\/p><p><em>E por fim n\u00e3o gostar\u00edamos de apenas dizer um obrigado, \u00e9 muito simples, a gratid\u00e3o que sentimos n\u00e3o poderia ser traduzida em apenas uma palavra. N\u00f3s somos gratos a todos aqueles que passaram por nossa vida. Pais, professores, colegas, sem voc\u00eas nada disto seria poss\u00edvel. Mas como faltam palavras para expressar este sentimento, encerro com um obrigado, ou n\u00e3o, melhor, muito obrigado, por tudo.<\/em><\/p><p><\/p><cite> Vin\u00edcius Becker <\/cite><\/blockquote>\n\n\n\n<p><\/p>\n\n\n\n<blockquote class=\"wp-block-quote\"><p><em>A nossa caminhada apenas come\u00e7ou<\/em><\/p><p><em>E com muita alegria que apresentamo-nos aqui hoje, embora seja para nos despedirmos, a alegria permanece em n\u00f3s. Somos pessoas completamente diferentes, mas com uma hist\u00f3ria em comum.<\/em><br><\/p><p><em>Hoje somos finalistas, mas nem sempre foi assim. Quando entramos nesta institui\u00e7\u00e3o, foi acima de tudo uma fase de adapta\u00e7\u00e3o. Adapta\u00e7\u00e3o a algo maior, a novos colegas, novas e muitas disciplinas e novos professores. Mas com a ajuda de todos aqui presentes, nossa fam\u00edlia, professores, funcion\u00e1rios e amigos, ultrapassamos a cada dia esses desafios.<\/em><br><\/p><p><em>Nada foi f\u00e1cil e aprendemos que nada ser\u00e1. Aprendemos, entre muitas coisas, que a pontualidade e assiduidade s\u00e3o importantes;  as regras s\u00e3o para ser respeitadas; devemos ser solid\u00e1rios uns para com os outros; devemos fazer valer a nossa voz; que sem esfor\u00e7o, n\u00e3o se vai a lado nenhum, e que o que alcan\u00e7amos hoje \u00e9 s\u00f3 uma pequena parte do que ainda podemos alcan\u00e7ar.<\/em><br><\/p><p><em>A nossa caminhada foi longa e dif\u00edcil. Mas conseguimos chegar aqui e este \u00e9 o fruto de nosso esfor\u00e7o. Portanto, colegas, tenhamos sempre em n\u00f3s essa for\u00e7a de vontade e persist\u00eancia que nos trouxe at\u00e9 aqui.<\/em><br><\/p><p><em>Hoje nos despedimos, com a certeza de dever cumprido. Mas em breve tentaremos esconder de todos que sentimos saudades. Afinal, \u00e9 aqui que passamos maior parte de nossos dias. N\u00e3o sentiremos saudades somente da sala, mas dos corredores, dos trabalhos que faz\u00edamos no \u00faltimo dia de entrega, de todos os cantos da escola que, de alguma forma, fomos felizes.<\/em><br><\/p><p><em>Passamos de alunos que v\u00e3o \u00e0 escola porque algu\u00e9m os mandou a alunos que v\u00e3o \u00e0 escola a busca de um futuro promissor. E, daqui a alguns anos, prometemos outro encontro como este, e quando isso acontecer, lembrem-se que s\u00f3 foi poss\u00edvel pela interse\u00e7\u00e3o de cada um de voc\u00eas.<\/em><br><\/p><p><em>N\u00e3o nos resta mais nada a n\u00e3o ser agradecer. Os nossos agradecimentos v\u00e3o aos nossos pais, pois s\u00e3o os pilares de nossas vidas, o nosso primeiro incentivo para frequentar \u00e0 escola e d\u00e3o nos motiva\u00e7\u00e3o a cada dia, e olham por n\u00f3s em todos os momentos. Achamos que sabemos muito mas ainda n\u00e3o aprendemos nada que possa substituir o simples obrigado.<\/em><\/p><p><em>Aos ausentes, nossa homenagem \u00e0queles que partiram, pais, m\u00e3es, irm\u00e3os, parentes, deixando a lembran\u00e7a de suas presen\u00e7as. Onde quer que estejam, sintam-se orgulhosos dos grandiosos passos que damos e daremos.<\/em><\/p><p><em>Aos amigos e colegas, no in\u00edcio, unidos apenas por um objetivo comum. Com o passar do tempo, vieram os compromissos, as amizades, as diferen\u00e7as mas soubemos conviver e respeitar-nos. Colegas, muitos desafios nos esperam. Temos ainda muito a conquistar. E este \u00e9 o momento de comemorar juntos nossa primeira conquista, que abre a porta de nossa mais nova importante etapa da vida. E por tudo a saudade h\u00e1 de ficar.<\/em><\/p><p><em>Aos professores, que todos estes anos transmitiram-nos ensinamentos, n\u00e3o s\u00f3 did\u00e1ticos mas tamb\u00e9m da vida cotidiana. Que souberam nos dar bases para prosperar em nossos caminhos, e as devidas san\u00e7\u00f5es pelos nossos atos. Tivemos em voc\u00eas n\u00e3o s\u00f3 professores mas tamb\u00e9m amigos.<\/em><\/p><p><em>Agora com esperan\u00e7a de grandes sucessos, seguimos nesta nova etapa de nossas vidas pois a nossa caminhada apenas come\u00e7ou.<\/em><\/p><p><\/p><cite> Diana V.C. <\/cite><\/blockquote>\n\n\n\n<h2>A Futura Convites<\/h2>\n\n\n\n<p>A&nbsp;<a href=\"http:\/\/bit.ly\/32JiWHO\"><strong>Futura Convites<\/strong><\/a>&nbsp;possui uma ampla variedade de modelos de convites de formatura. Com seu pr\u00f3prio parque gr\u00e1fico, a Futura j\u00e1 realizou o sonho de mais de 80 mil alunos, em 140 cidades diferentes. S\u00e3o quase 2 milh\u00f5es de convites produzidos e 20 anos de compromisso, criatividade, coopera\u00e7\u00e3o e impecabilidade.<br><\/p>\n\n\n\n<p>Tornamos o sonho de v\u00e1rios formandos em realidade com nossos convites diferenciados e de alta qualidade, se preocupando com todos os detalhes e acabamentos, desde a solicita\u00e7\u00e3o de or\u00e7amento at\u00e9 a data de entrega. Tudo \u00e9 acompanhado de perto para que voc\u00ea tenha sua satisfa\u00e7\u00e3o em primeiro lugar. Al\u00e9m disso, o seu convite \u00e9 feito de forma totalmente personalizada e exclusiva!<br><\/p>\n\n\n\n<p>Gostou de conferir ideias de Frases de Formatura? Veja todos os nossos <a href=\"http:\/\/futuraconvites.com.br\/Convites-de-formatura.html\" target=\"_blank\" rel=\"noreferrer noopener\" aria-label=\" (abre numa nova aba)\"><strong>Modelos de Convites de Formatura<\/strong><\/a>.<br><\/p>\n\n\n\n<p>Entre em contato conosco e fa\u00e7a um <a rel=\"noreferrer noopener\" href=\"https:\/\/mkt.futuraexpress.com.br\/orcamento-fc\" target=\"_blank\"><strong>or\u00e7amento<\/strong><\/a>! <\/p>\n\n\n\n<div role=\"main\" id=\"newsletter-post-fc-18722d853e9873042a99\"><\/div>\n<script type=\"text\/javascript\" src=\"https:\/\/d335luupugsy2.cloudfront.net\/js\/rdstation-forms\/stable\/rdstation-forms.min.js\"><\/script>\n<script type=\"text\/javascript\"> new RDStationForms('newsletter-post-fc-18722d853e9873042a99', 'UA-17245279-5').createForm();<\/script>\n","protected":false},"excerpt":{"rendered":"<p>O discurso de formatura \u00e9 o momento em que o orador de uma turma de formandos do Ensino Superior &#8211; ou M\u00e9dio &#8211; discursa na cerim\u00f4nia de Cola\u00e7\u00e3o de Grau. A cola\u00e7\u00e3o de grau \u00e9 uma solenidade obrigat\u00f3ria na gradua\u00e7\u00e3o, em que o estudante que concluiu o Ensino Superior finalmente recebe seu diploma. Este tamb\u00e9m [&hellip;]<\/p>\n","protected":false},"author":10,"featured_media":2085,"comment_status":"open","ping_status":"open","sticky":false,"template":"","format":"standard","meta":[],"categories":[183],"tags":[57,58,276],"yoast_head":"<!-- This site is optimized with the Yoast SEO plugin v15.0 - https:\/\/yoast.com\/wordpress\/plugins\/seo\/ -->\r\n<title>Discurso de Formatura - Dicas e Exemplos Incr\u00edveis para o Orador!<\/title>\r\n<meta name=\"description\" content=\"Confira as melhores dicas para escrever o discurso de formatura ideal em sua cola\u00e7\u00e3o de grau e veja exemplos de discurso do orador da turma.\" \/>\r\n<meta name=\"robots\" content=\"index, follow, max-snippet:-1, max-image-preview:large, max-video-preview:-1\" \/>\r\n<link rel=\"canonical\" href=\"http:\/\/www.futuraconvites.com.br\/blog\/discurso-de-formatura\/\" \/>\r\n<meta property=\"og:locale\" content=\"pt_BR\" \/>\r\n<meta property=\"og:type\" content=\"article\" \/>\r\n<meta property=\"og:title\" content=\"Discurso de Formatura - Dicas e Exemplos Incr\u00edveis para o Orador!\" \/>\r\n<meta property=\"og:description\" content=\"Confira as melhores dicas para escrever o discurso de formatura ideal em sua cola\u00e7\u00e3o de grau e veja exemplos de discurso do orador da turma.\" \/>\r\n<meta property=\"og:url\" content=\"http:\/\/www.futuraconvites.com.br\/blog\/discurso-de-formatura\/\" \/>\r\n<meta property=\"og:site_name\" content=\"Blog Futura Convites\" \/>\r\n<meta property=\"article:publisher\" content=\"https:\/\/www.facebook.com\/futuraconvites\" \/>\r\n<meta property=\"article:published_time\" content=\"2020-01-30T12:34:45+00:00\" \/>\r\n<meta property=\"article:modified_time\" content=\"2020-09-25T13:40:20+00:00\" \/>\r\n<meta property=\"og:image\" content=\"https:\/\/www.futuraconvites.com.br\/blog\/wp-content\/uploads\/2020\/01\/Discurso-de-Formatura.jpg\" \/>\r\n\t<meta property=\"og:image:width\" content=\"781\" \/>\r\n\t<meta property=\"og:image:height\" content=\"390\" \/>\r\n<meta name=\"twitter:card\" content=\"summary\" \/>\r\n<meta name=\"twitter:creator\" content=\"@narasilvabh\" \/>\r\n<script type=\"application\/ld+json\" class=\"yoast-schema-graph\">{\"@context\":\"https:\/\/schema.org\",\"@graph\":[{\"@type\":\"Organization\",\"@id\":\"https:\/\/www.futuraconvites.com.br\/blog\/#organization\",\"name\":\"Futura Convites\",\"url\":\"https:\/\/www.futuraconvites.com.br\/blog\/\",\"sameAs\":[\"https:\/\/www.facebook.com\/futuraconvites\",\"https:\/\/www.instagram.com\/futuraconvites\/\",\"https:\/\/www.youtube.com\/channel\/UCUCwRP5jzATl8ja3cjDm4Iw\",\"https:\/\/br.pinterest.com\/futuraconvites\/\"],\"logo\":{\"@type\":\"ImageObject\",\"@id\":\"https:\/\/www.futuraconvites.com.br\/blog\/#logo\",\"inLanguage\":\"pt-BR\",\"url\":\"https:\/\/www.futuraconvites.com.br\/blog\/wp-content\/uploads\/2016\/07\/logo_futuraconvites.png\",\"width\":180,\"height\":72,\"caption\":\"Futura Convites\"},\"image\":{\"@id\":\"https:\/\/www.futuraconvites.com.br\/blog\/#logo\"}},{\"@type\":\"WebSite\",\"@id\":\"https:\/\/www.futuraconvites.com.br\/blog\/#website\",\"url\":\"https:\/\/www.futuraconvites.com.br\/blog\/\",\"name\":\"Blog Futura Convites\",\"description\":\"Convites, Cerim\\u00f4nias de Formatura e mais! \",\"publisher\":{\"@id\":\"https:\/\/www.futuraconvites.com.br\/blog\/#organization\"},\"potentialAction\":[{\"@type\":\"SearchAction\",\"target\":\"https:\/\/www.futuraconvites.com.br\/blog\/?s={search_term_string}\",\"query-input\":\"required name=search_term_string\"}],\"inLanguage\":\"pt-BR\"},{\"@type\":\"ImageObject\",\"@id\":\"http:\/\/www.futuraconvites.com.br\/blog\/discurso-de-formatura\/#primaryimage\",\"inLanguage\":\"pt-BR\",\"url\":\"https:\/\/www.futuraconvites.com.br\/blog\/wp-content\/uploads\/2020\/01\/Discurso-de-Formatura.jpg\",\"width\":781,\"height\":390,\"caption\":\"Discurso de Formatura\"},{\"@type\":\"WebPage\",\"@id\":\"http:\/\/www.futuraconvites.com.br\/blog\/discurso-de-formatura\/#webpage\",\"url\":\"http:\/\/www.futuraconvites.com.br\/blog\/discurso-de-formatura\/\",\"name\":\"Discurso de Formatura - Dicas e Exemplos Incr\\u00edveis para o Orador!\",\"isPartOf\":{\"@id\":\"https:\/\/www.futuraconvites.com.br\/blog\/#website\"},\"primaryImageOfPage\":{\"@id\":\"http:\/\/www.futuraconvites.com.br\/blog\/discurso-de-formatura\/#primaryimage\"},\"datePublished\":\"2020-01-30T12:34:45+00:00\",\"dateModified\":\"2020-09-25T13:40:20+00:00\",\"description\":\"Confira as melhores dicas para escrever o discurso de formatura ideal em sua cola\\u00e7\\u00e3o de grau e veja exemplos de discurso do orador da turma.\",\"inLanguage\":\"pt-BR\",\"potentialAction\":[{\"@type\":\"ReadAction\",\"target\":[\"http:\/\/www.futuraconvites.com.br\/blog\/discurso-de-formatura\/\"]}]},{\"@type\":\"Article\",\"@id\":\"http:\/\/www.futuraconvites.com.br\/blog\/discurso-de-formatura\/#article\",\"isPartOf\":{\"@id\":\"http:\/\/www.futuraconvites.com.br\/blog\/discurso-de-formatura\/#webpage\"},\"author\":{\"@id\":\"https:\/\/www.futuraconvites.com.br\/blog\/#\/schema\/person\/7b6b8964f89bbf07d39b5c00049fe8de\"},\"headline\":\"Discurso de Formatura &#8211; Dicas e Exemplos Incr\\u00edveis para se inspirar!\",\"datePublished\":\"2020-01-30T12:34:45+00:00\",\"dateModified\":\"2020-09-25T13:40:20+00:00\",\"mainEntityOfPage\":{\"@id\":\"http:\/\/www.futuraconvites.com.br\/blog\/discurso-de-formatura\/#webpage\"},\"commentCount\":0,\"publisher\":{\"@id\":\"https:\/\/www.futuraconvites.com.br\/blog\/#organization\"},\"image\":{\"@id\":\"http:\/\/www.futuraconvites.com.br\/blog\/discurso-de-formatura\/#primaryimage\"},\"keywords\":\"discurso de formatura,discurso na cola\\u00e7\\u00e3o de grau,discursos formatura\",\"articleSection\":\"Formatura\",\"inLanguage\":\"pt-BR\",\"potentialAction\":[{\"@type\":\"CommentAction\",\"name\":\"Comment\",\"target\":[\"http:\/\/www.futuraconvites.com.br\/blog\/discurso-de-formatura\/#respond\"]}]},{\"@type\":\"Person\",\"@id\":\"https:\/\/www.futuraconvites.com.br\/blog\/#\/schema\/person\/7b6b8964f89bbf07d39b5c00049fe8de\",\"name\":\"Nara Silva\",\"image\":{\"@type\":\"ImageObject\",\"@id\":\"https:\/\/www.futuraconvites.com.br\/blog\/#personlogo\",\"inLanguage\":\"pt-BR\",\"url\":\"https:\/\/secure.gravatar.com\/avatar\/c9344d249d5317d270e7f823f8b16f89?s=96&d=mm&r=g\",\"caption\":\"Nara Silva\"},\"description\":\"Nara \\u00e9 estudante de Jornalismo e \\u00e9 apaixonada pela an\\u00e1lise de esportes e livros. Ela \\u00e9 redatora e especialista em SEO e faz parte da equipe de Marketing e Conte\\u00fado da Futura Express e Futura Convites. A Nara adora sair com os amigos, sempre est\\u00e1 disposta a ajudar o pr\\u00f3ximo e n\\u00e3o dispensa uma boa x\\u00edcara de caf\\u00e9. Conhe\\u00e7a mais os seus textos!\",\"sameAs\":[\"https:\/\/twitter.com\/narasilvabh\"]}]}<\/script>\r\n<!-- \/ Yoast SEO plugin. -->","_links":{"self":[{"href":"https:\/\/www.futuraconvites.com.br\/blog\/wp-json\/wp\/v2\/posts\/2083"}],"collection":[{"href":"https:\/\/www.futuraconvites.com.br\/blog\/wp-json\/wp\/v2\/posts"}],"about":[{"href":"https:\/\/www.futuraconvites.com.br\/blog\/wp-json\/wp\/v2\/types\/post"}],"author":[{"embeddable":true,"href":"https:\/\/www.futuraconvites.com.br\/blog\/wp-json\/wp\/v2\/users\/10"}],"replies":[{"embeddable":true,"href":"https:\/\/www.futuraconvites.com.br\/blog\/wp-json\/wp\/v2\/comments?post=2083"}],"version-history":[{"count":6,"href":"https:\/\/www.futuraconvites.com.br\/blog\/wp-json\/wp\/v2\/posts\/2083\/revisions"}],"predecessor-version":[{"id":3282,"href":"https:\/\/www.futuraconvites.com.br\/blog\/wp-json\/wp\/v2\/posts\/2083\/revisions\/3282"}],"wp:featuredmedia":[{"embeddable":true,"href":"https:\/\/www.futuraconvites.com.br\/blog\/wp-json\/wp\/v2\/media\/2085"}],"wp:attachment":[{"href":"https:\/\/www.futuraconvites.com.br\/blog\/wp-json\/wp\/v2\/media?parent=2083"}],"wp:term":[{"taxonomy":"category","embeddable":true,"href":"https:\/\/www.futuraconvites.com.br\/blog\/wp-json\/wp\/v2\/categories?post=2083"},{"taxonomy":"post_tag","embeddable":true,"href":"https:\/\/www.futuraconvites.com.br\/blog\/wp-json\/wp\/v2\/tags?post=2083"}],"curies":[{"name":"wp","href":"https:\/\/api.w.org\/{rel}","templated":true}]}}