{"id":2293,"date":"2020-02-20T15:09:24","date_gmt":"2020-02-20T18:09:24","guid":{"rendered":"http:\/\/www.futuraconvites.com.br\/blog\/?p=2293"},"modified":"2020-09-25T16:10:20","modified_gmt":"2020-09-25T19:10:20","slug":"legenda-foto-de-formatura","status":"publish","type":"post","link":"https:\/\/www.futuraconvites.com.br\/blog\/legenda-foto-de-formatura\/","title":{"rendered":"Legenda para Foto de Formatura &#8211; Melhores Ideias de Legendas para o Instagram e Facebook!"},"content":{"rendered":"\n<blockquote class=\"wp-block-quote\"><p><strong><em>A legenda para foto de formatura consiste em frases utilizadas pelos formandos em redes sociais, como o Instagram e o Facebook, no momento em que postam as fotos das cerim\u00f4nias de formatura como a Cola\u00e7\u00e3o de Grau, Baile de Gala e Culto Ecum\u00eanico.<\/em><\/strong><br><\/p><\/blockquote>\n\n\n\n<p>Os alunos do Ensino M\u00e9dio e Superior esperam ansiosamente pelo momento de sua formatura. S\u00e3o v\u00e1rias formas de comemorar essa ocasi\u00e3o t\u00e3o especial na vida dos estudantes.<br><\/p>\n\n\n\n<p>As <strong>fotos individuais<\/strong> e da<strong> turma dos formandos<\/strong> s\u00e3o um dos detalhes da formatura que \u00e9 prioridade para os alunos. Afinal, s\u00e3o estas fotos que servir\u00e3o de lembran\u00e7a para eles, al\u00e9m de estamparem as p\u00e1ginas de seu convite de formatura.<br><\/p>\n\n\n\n<p>Al\u00e9m disso, as <a rel=\"noreferrer noopener\" aria-label=\" (abre numa nova aba)\" href=\"http:\/\/www.futuraconvites.com.br\/blog\/fotos-de-formatura\/\" target=\"_blank\"><strong>fotos de formatura<\/strong><\/a><strong> <\/strong>fazem sucesso nas<strong> redes sociais <\/strong>de todos os formandos, que fazem quest\u00e3o de <strong>postar os melhores momentos <\/strong>de todas as cerim\u00f4nias. Por isso, sejam profissionais ou tiradas pelo celular, \u00e9 garantido que o <a rel=\"noreferrer noopener\" aria-label=\" (abre numa nova aba)\" href=\"https:\/\/www.instagram.com\/?hl=pt-br\" target=\"_blank\"><strong>Instagram<\/strong><\/a> e o <a rel=\"noreferrer noopener\" aria-label=\" (abre numa nova aba)\" href=\"https:\/\/pt-br.facebook.com\/\" target=\"_blank\"><strong>Facebook<\/strong><\/a> receber\u00e3o as fotos de formatura.<br><\/p>\n\n\n\n<p>Contudo, muitos formandos possuem d\u00favidas sobre o que colocar como legenda em cada uma das fotos postadas. Por isso, a Futura Convites preparou uma sele\u00e7\u00e3o com as melhores ideias de legenda para foto de formatura para voc\u00ea se inspirar e colocar em suas redes sociais. Confira!<\/p>\n\n\n\n<div class=\"wp-block-image\"><figure class=\"aligncenter size-large\"><a href=\"https:\/\/mkt.futuraexpress.com.br\/ebook-fotos-de-formatura\" target=\"_blank\" rel=\"noopener noreferrer\"><img loading=\"lazy\" width=\"728\" height=\"200\" src=\"http:\/\/www.futuraconvites.com.br\/blog\/wp-content\/uploads\/2020\/09\/banners-futura-express-blog-3.jpg\" alt=\"\" class=\"wp-image-3345\" srcset=\"https:\/\/www.futuraconvites.com.br\/blog\/wp-content\/uploads\/2020\/09\/banners-futura-express-blog-3.jpg 728w, https:\/\/www.futuraconvites.com.br\/blog\/wp-content\/uploads\/2020\/09\/banners-futura-express-blog-3-300x82.jpg 300w, https:\/\/www.futuraconvites.com.br\/blog\/wp-content\/uploads\/2020\/09\/banners-futura-express-blog-3-320x88.jpg 320w\" sizes=\"(max-width: 728px) 100vw, 728px\" \/><\/a><\/figure><\/div>\n\n\n\n<h2>Ideias de Legenda para Foto para Formatura<\/h2>\n\n\n\n<div class=\"wp-block-image\"><figure class=\"aligncenter size-large\"><img loading=\"lazy\" width=\"600\" height=\"300\" src=\"http:\/\/www.futuraconvites.com.br\/blog\/wp-content\/uploads\/2020\/02\/legenda-para-formatura.jpg\" alt=\"legenda para formatura\" class=\"wp-image-2294\" srcset=\"https:\/\/www.futuraconvites.com.br\/blog\/wp-content\/uploads\/2020\/02\/legenda-para-formatura.jpg 600w, https:\/\/www.futuraconvites.com.br\/blog\/wp-content\/uploads\/2020\/02\/legenda-para-formatura-300x150.jpg 300w\" sizes=\"(max-width: 600px) 100vw, 600px\" \/><\/figure><\/div>\n\n\n\n<blockquote class=\"wp-block-quote\"><p><strong>1. <\/strong>Por mais \u00e1rdua que seja a luta, por mais distante que um ideal se apresente, por mais dif\u00edcil que seja a caminhada, existe sempre uma maneira de vencer: A Nossa F\u00e9.<br><\/p><\/blockquote>\n\n\n\n<p><\/p>\n\n\n\n<blockquote class=\"wp-block-quote\"><p><strong>2.<\/strong> N\u00e3o basta lutar, n\u00e3o \u00e9 suficiente a presen\u00e7a do dever do ser humano. \u00c9 preciso ampliar cada sinal que aponte para um novo e diferente v\u00ednculo onde o afeto e a conquista estejam presentes. Al\u00e9m disso, n\u00e3o basta que o trabalho seja fonte de bem-estar e distribui\u00e7\u00e3o de renda. \u00c9 preciso que a dignidade seja a media\u00e7\u00e3o \u00e9tica referendada no caminhar humano. \u201cValeu a pena?\u201d Tudo vale a pena se a alma n\u00e3o \u00e9 pequena.<br><\/p><\/blockquote>\n\n\n\n<p><\/p>\n\n\n\n<blockquote class=\"wp-block-quote\"><p><strong>3. <\/strong>As verdadeiras conquistas, as \u00fanicas de que nunca nos arrependemos, s\u00e3o aquelas que fazemos contra a ignor\u00e2ncia.<br><\/p><\/blockquote>\n\n\n\n<p><\/p>\n\n\n\n<blockquote class=\"wp-block-quote\"><p><strong>4.<\/strong> Se estamos determinados a lutar por um sonho \u00e9 porque provavelmente ele existe para ser conquistado por n\u00f3s.&nbsp;<br><\/p><\/blockquote>\n\n\n\n<p><\/p>\n\n\n\n<blockquote class=\"wp-block-quote\"><p><strong>5.<\/strong> O segredo do sucesso \u00e9 a const\u00e2ncia do prop\u00f3sito.&nbsp;<br><\/p><\/blockquote>\n\n\n\n<p><\/p>\n\n\n\n<blockquote class=\"wp-block-quote\"><p><strong>6.<\/strong> Bom mesmo \u00e9 ir \u00e0 luta com determina\u00e7\u00e3o, abra\u00e7ar a vida com paix\u00e3o, perder com classe e vencer com ousadia, porque o mundo pertence a quem se atreve e a vida \u00e9 &#8220;muito&#8221; para ser insignificante.<br><\/p><\/blockquote>\n\n\n\n<p><\/p>\n\n\n\n<blockquote class=\"wp-block-quote\"><p><strong>7.<\/strong> Um futuro brilhante \u00e9 apenas uma conquista daqueles que n\u00e3o se intimidaram com os desafios que o caminho preparou.<br><\/p><\/blockquote>\n\n\n\n<p><\/p>\n\n\n\n<blockquote class=\"wp-block-quote\"><p><strong>8. <\/strong>Acredite em si mesmo para que chegue um dia em que, finalmente, os outros n\u00e3o ter\u00e3o outra escolha sen\u00e3o acreditar com voc\u00ea.<br><\/p><\/blockquote>\n\n\n\n<p><\/p>\n\n\n\n<blockquote class=\"wp-block-quote\"><p><strong>9.<\/strong> Esta n\u00e3o \u00e9 apenas uma grande conquista, mas a porta que vai permitir ir ainda mais al\u00e9m.<br><\/p><\/blockquote>\n\n\n\n<p><\/p>\n\n\n\n<blockquote class=\"wp-block-quote\"><p><strong>10.<\/strong> O entusiasmo \u00e9 a maior for\u00e7a da alma. Por isso, conserva-o e nunca te faltar\u00e1 poder para conseguires o que desejas.<br><\/p><\/blockquote>\n\n\n\n<blockquote class=\"wp-block-quote\"><p><strong>11.<\/strong> Na matem\u00e1tica da vida a regra que deve aplicar mais vezes \u00e9 a multiplica\u00e7\u00e3o dos seus sonhos.<br><\/p><\/blockquote>\n\n\n\n<blockquote class=\"wp-block-quote\"><p><strong>12. <\/strong>Para realizar grandes conquistas, devemos n\u00e3o apenas agir, mas tamb\u00e9m sonhar; n\u00e3o apenas planejar, mas tamb\u00e9m acreditar.<br><\/p><\/blockquote>\n\n\n\n<p><\/p>\n\n\n\n<blockquote class=\"wp-block-quote\"><p><strong>13.<\/strong> N\u00e3o somos o que dever\u00edamos ser; n\u00e3o somos o que quer\u00edamos ser; mas gra\u00e7as a Deus, n\u00e3o somos o que \u00e9ramos.<br><\/p><\/blockquote>\n\n\n\n<p><\/p>\n\n\n\n<blockquote class=\"wp-block-quote\"><p><strong>14.<\/strong> Tudo o que um sonho precisa para ser realizado \u00e9 algu\u00e9m que acredite que ele possa ser realizado.<br><\/p><\/blockquote>\n\n\n\n<p><\/p>\n\n\n\n<blockquote class=\"wp-block-quote\"><p><strong>15.<\/strong> Para conquistarmos algo na vida n\u00e3o basta ter talento, n\u00e3o basta ter for\u00e7a, \u00e9 preciso tamb\u00e9m viver um grande amor.<\/p><\/blockquote>\n\n\n\n<h2>A Futura Convites<\/h2>\n\n\n\n<p>A&nbsp;<a href=\"http:\/\/bit.ly\/32JiWHO\"><strong>Futura Convites<\/strong><\/a>&nbsp;possui uma ampla variedade de modelos de convites de formatura. Com seu pr\u00f3prio parque gr\u00e1fico, a Futura j\u00e1 realizou o sonho de mais de 80 mil alunos, em 140 cidades diferentes. S\u00e3o quase 2 milh\u00f5es de convites produzidos e 20 anos de compromisso, criatividade, coopera\u00e7\u00e3o e impecabilidade.<br><\/p>\n\n\n\n<p>Tornamos o sonho de v\u00e1rios formandos em realidade com nossos convites diferenciados e de alta qualidade, se preocupando com todos os detalhes e acabamentos, desde a solicita\u00e7\u00e3o de or\u00e7amento at\u00e9 a data de entrega. Tudo \u00e9 acompanhado de perto para que voc\u00ea tenha sua satisfa\u00e7\u00e3o em primeiro lugar. Al\u00e9m disso, o seu convite \u00e9 feito de forma totalmente personalizada e exclusiva!<br><\/p>\n\n\n\n<p>Veja todos os nossos <a href=\"http:\/\/futuraconvites.com.br\/Convites-de-formatura.html\" target=\"_blank\" rel=\"noreferrer noopener\" aria-label=\" (abre numa nova aba)\"><strong>Modelos de Convites de Formatura<\/strong><\/a>.<br><\/p>\n\n\n\n<p>Entre em contato conosco e fa\u00e7a um <a rel=\"noreferrer noopener\" href=\"https:\/\/mkt.futuraexpress.com.br\/orcamento-fc\" target=\"_blank\"><strong>or\u00e7amento<\/strong><\/a>! <\/p>\n\n\n\n<div role=\"main\" id=\"newsletter-post-fc-18722d853e9873042a99\"><\/div>\n<script type=\"text\/javascript\" src=\"https:\/\/d335luupugsy2.cloudfront.net\/js\/rdstation-forms\/stable\/rdstation-forms.min.js\"><\/script>\n<script type=\"text\/javascript\"> new RDStationForms('newsletter-post-fc-18722d853e9873042a99', 'UA-17245279-5').createForm();<\/script>\n","protected":false},"excerpt":{"rendered":"<p>A legenda para foto de formatura consiste em frases utilizadas pelos formandos em redes sociais, como o Instagram e o Facebook, no momento em que postam as fotos das cerim\u00f4nias de formatura como a Cola\u00e7\u00e3o de Grau, Baile de Gala e Culto Ecum\u00eanico. Os alunos do Ensino M\u00e9dio e Superior esperam ansiosamente pelo momento de [&hellip;]<\/p>\n","protected":false},"author":10,"featured_media":2295,"comment_status":"open","ping_status":"open","sticky":false,"template":"","format":"standard","meta":[],"categories":[182],"tags":[299,298,297],"yoast_head":"<!-- This site is optimized with the Yoast SEO plugin v15.0 - https:\/\/yoast.com\/wordpress\/plugins\/seo\/ -->\r\n<title>Legenda para Foto de Formatura - Ideias Incr\u00edveis para se Inspirar!<\/title>\r\n<meta name=\"description\" content=\"Confira as melhores ideias de legenda para foto de formatura para se inspirar neste artigo preparado pela Futura Convites\" \/>\r\n<meta name=\"robots\" content=\"index, follow, max-snippet:-1, max-image-preview:large, max-video-preview:-1\" \/>\r\n<link rel=\"canonical\" href=\"http:\/\/www.futuraconvites.com.br\/blog\/legenda-foto-de-formatura\/\" \/>\r\n<meta property=\"og:locale\" content=\"pt_BR\" \/>\r\n<meta property=\"og:type\" content=\"article\" \/>\r\n<meta property=\"og:title\" content=\"Legenda para Foto de Formatura - Ideias Incr\u00edveis para se Inspirar!\" \/>\r\n<meta property=\"og:description\" content=\"Confira as melhores ideias de legenda para foto de formatura para se inspirar neste artigo preparado pela Futura Convites\" \/>\r\n<meta property=\"og:url\" content=\"http:\/\/www.futuraconvites.com.br\/blog\/legenda-foto-de-formatura\/\" \/>\r\n<meta property=\"og:site_name\" content=\"Blog Futura Convites\" \/>\r\n<meta property=\"article:publisher\" content=\"https:\/\/www.facebook.com\/futuraconvites\" \/>\r\n<meta property=\"article:published_time\" content=\"2020-02-20T18:09:24+00:00\" \/>\r\n<meta property=\"article:modified_time\" content=\"2020-09-25T19:10:20+00:00\" \/>\r\n<meta property=\"og:image\" content=\"https:\/\/www.futuraconvites.com.br\/blog\/wp-content\/uploads\/2020\/02\/Legenda-para-Foto-de-Formatura.jpg\" \/>\r\n\t<meta property=\"og:image:width\" content=\"781\" \/>\r\n\t<meta property=\"og:image:height\" content=\"390\" \/>\r\n<meta name=\"twitter:card\" content=\"summary\" \/>\r\n<meta name=\"twitter:creator\" content=\"@narasilvabh\" \/>\r\n<script type=\"application\/ld+json\" class=\"yoast-schema-graph\">{\"@context\":\"https:\/\/schema.org\",\"@graph\":[{\"@type\":\"Organization\",\"@id\":\"https:\/\/www.futuraconvites.com.br\/blog\/#organization\",\"name\":\"Futura Convites\",\"url\":\"https:\/\/www.futuraconvites.com.br\/blog\/\",\"sameAs\":[\"https:\/\/www.facebook.com\/futuraconvites\",\"https:\/\/www.instagram.com\/futuraconvites\/\",\"https:\/\/www.youtube.com\/channel\/UCUCwRP5jzATl8ja3cjDm4Iw\",\"https:\/\/br.pinterest.com\/futuraconvites\/\"],\"logo\":{\"@type\":\"ImageObject\",\"@id\":\"https:\/\/www.futuraconvites.com.br\/blog\/#logo\",\"inLanguage\":\"pt-BR\",\"url\":\"https:\/\/www.futuraconvites.com.br\/blog\/wp-content\/uploads\/2016\/07\/logo_futuraconvites.png\",\"width\":180,\"height\":72,\"caption\":\"Futura Convites\"},\"image\":{\"@id\":\"https:\/\/www.futuraconvites.com.br\/blog\/#logo\"}},{\"@type\":\"WebSite\",\"@id\":\"https:\/\/www.futuraconvites.com.br\/blog\/#website\",\"url\":\"https:\/\/www.futuraconvites.com.br\/blog\/\",\"name\":\"Blog Futura Convites\",\"description\":\"Convites, Cerim\\u00f4nias de Formatura e mais! \",\"publisher\":{\"@id\":\"https:\/\/www.futuraconvites.com.br\/blog\/#organization\"},\"potentialAction\":[{\"@type\":\"SearchAction\",\"target\":\"https:\/\/www.futuraconvites.com.br\/blog\/?s={search_term_string}\",\"query-input\":\"required name=search_term_string\"}],\"inLanguage\":\"pt-BR\"},{\"@type\":\"ImageObject\",\"@id\":\"http:\/\/www.futuraconvites.com.br\/blog\/legenda-foto-de-formatura\/#primaryimage\",\"inLanguage\":\"pt-BR\",\"url\":\"https:\/\/www.futuraconvites.com.br\/blog\/wp-content\/uploads\/2020\/02\/Legenda-para-Foto-de-Formatura.jpg\",\"width\":781,\"height\":390,\"caption\":\"Legenda para Foto de Formatura\"},{\"@type\":\"WebPage\",\"@id\":\"http:\/\/www.futuraconvites.com.br\/blog\/legenda-foto-de-formatura\/#webpage\",\"url\":\"http:\/\/www.futuraconvites.com.br\/blog\/legenda-foto-de-formatura\/\",\"name\":\"Legenda para Foto de Formatura - Ideias Incr\\u00edveis para se Inspirar!\",\"isPartOf\":{\"@id\":\"https:\/\/www.futuraconvites.com.br\/blog\/#website\"},\"primaryImageOfPage\":{\"@id\":\"http:\/\/www.futuraconvites.com.br\/blog\/legenda-foto-de-formatura\/#primaryimage\"},\"datePublished\":\"2020-02-20T18:09:24+00:00\",\"dateModified\":\"2020-09-25T19:10:20+00:00\",\"description\":\"Confira as melhores ideias de legenda para foto de formatura para se inspirar neste artigo preparado pela Futura Convites\",\"inLanguage\":\"pt-BR\",\"potentialAction\":[{\"@type\":\"ReadAction\",\"target\":[\"http:\/\/www.futuraconvites.com.br\/blog\/legenda-foto-de-formatura\/\"]}]},{\"@type\":\"Article\",\"@id\":\"http:\/\/www.futuraconvites.com.br\/blog\/legenda-foto-de-formatura\/#article\",\"isPartOf\":{\"@id\":\"http:\/\/www.futuraconvites.com.br\/blog\/legenda-foto-de-formatura\/#webpage\"},\"author\":{\"@id\":\"https:\/\/www.futuraconvites.com.br\/blog\/#\/schema\/person\/7b6b8964f89bbf07d39b5c00049fe8de\"},\"headline\":\"Legenda para Foto de Formatura &#8211; Melhores Ideias de Legendas para o Instagram e Facebook!\",\"datePublished\":\"2020-02-20T18:09:24+00:00\",\"dateModified\":\"2020-09-25T19:10:20+00:00\",\"mainEntityOfPage\":{\"@id\":\"http:\/\/www.futuraconvites.com.br\/blog\/legenda-foto-de-formatura\/#webpage\"},\"commentCount\":0,\"publisher\":{\"@id\":\"https:\/\/www.futuraconvites.com.br\/blog\/#organization\"},\"image\":{\"@id\":\"http:\/\/www.futuraconvites.com.br\/blog\/legenda-foto-de-formatura\/#primaryimage\"},\"keywords\":\"legenda instagram formatura,legenda para foto,legenda para foto de formatura\",\"articleSection\":\"Fotografia\",\"inLanguage\":\"pt-BR\",\"potentialAction\":[{\"@type\":\"CommentAction\",\"name\":\"Comment\",\"target\":[\"http:\/\/www.futuraconvites.com.br\/blog\/legenda-foto-de-formatura\/#respond\"]}]},{\"@type\":\"Person\",\"@id\":\"https:\/\/www.futuraconvites.com.br\/blog\/#\/schema\/person\/7b6b8964f89bbf07d39b5c00049fe8de\",\"name\":\"Nara Silva\",\"image\":{\"@type\":\"ImageObject\",\"@id\":\"https:\/\/www.futuraconvites.com.br\/blog\/#personlogo\",\"inLanguage\":\"pt-BR\",\"url\":\"https:\/\/secure.gravatar.com\/avatar\/c9344d249d5317d270e7f823f8b16f89?s=96&d=mm&r=g\",\"caption\":\"Nara Silva\"},\"description\":\"Nara \\u00e9 estudante de Jornalismo e \\u00e9 apaixonada pela an\\u00e1lise de esportes e livros. Ela \\u00e9 redatora e especialista em SEO e faz parte da equipe de Marketing e Conte\\u00fado da Futura Express e Futura Convites. A Nara adora sair com os amigos, sempre est\\u00e1 disposta a ajudar o pr\\u00f3ximo e n\\u00e3o dispensa uma boa x\\u00edcara de caf\\u00e9. Conhe\\u00e7a mais os seus textos!\",\"sameAs\":[\"https:\/\/twitter.com\/narasilvabh\"]}]}<\/script>\r\n<!-- \/ Yoast SEO plugin. -->","_links":{"self":[{"href":"https:\/\/www.futuraconvites.com.br\/blog\/wp-json\/wp\/v2\/posts\/2293"}],"collection":[{"href":"https:\/\/www.futuraconvites.com.br\/blog\/wp-json\/wp\/v2\/posts"}],"about":[{"href":"https:\/\/www.futuraconvites.com.br\/blog\/wp-json\/wp\/v2\/types\/post"}],"author":[{"embeddable":true,"href":"https:\/\/www.futuraconvites.com.br\/blog\/wp-json\/wp\/v2\/users\/10"}],"replies":[{"embeddable":true,"href":"https:\/\/www.futuraconvites.com.br\/blog\/wp-json\/wp\/v2\/comments?post=2293"}],"version-history":[{"count":6,"href":"https:\/\/www.futuraconvites.com.br\/blog\/wp-json\/wp\/v2\/posts\/2293\/revisions"}],"predecessor-version":[{"id":3349,"href":"https:\/\/www.futuraconvites.com.br\/blog\/wp-json\/wp\/v2\/posts\/2293\/revisions\/3349"}],"wp:featuredmedia":[{"embeddable":true,"href":"https:\/\/www.futuraconvites.com.br\/blog\/wp-json\/wp\/v2\/media\/2295"}],"wp:attachment":[{"href":"https:\/\/www.futuraconvites.com.br\/blog\/wp-json\/wp\/v2\/media?parent=2293"}],"wp:term":[{"taxonomy":"category","embeddable":true,"href":"https:\/\/www.futuraconvites.com.br\/blog\/wp-json\/wp\/v2\/categories?post=2293"},{"taxonomy":"post_tag","embeddable":true,"href":"https:\/\/www.futuraconvites.com.br\/blog\/wp-json\/wp\/v2\/tags?post=2293"}],"curies":[{"name":"wp","href":"https:\/\/api.w.org\/{rel}","templated":true}]}}