{"id":2327,"date":"2020-03-06T11:46:30","date_gmt":"2020-03-06T14:46:30","guid":{"rendered":"http:\/\/www.futuraconvites.com.br\/blog\/?p=2327"},"modified":"2020-09-25T10:45:32","modified_gmt":"2020-09-25T13:45:32","slug":"homenagem-aos-pais-na-formatura","status":"publish","type":"post","link":"https:\/\/www.futuraconvites.com.br\/blog\/homenagem-aos-pais-na-formatura\/","title":{"rendered":"Homenagem aos Pais na Formatura &#8211; Melhores Ideias para se Inspirar!"},"content":{"rendered":"\n<blockquote class=\"wp-block-quote\"><p><strong><em>A homenagem aos pais na formatura consiste nos agradecimentos prestados aos pais e m\u00e3es dos formandos durante a cerim\u00f4nia de Cola\u00e7\u00e3o de Grau.<\/em><\/strong><\/p><\/blockquote>\n\n\n\n<p>A cola\u00e7\u00e3o de grau \u00e9 uma solenidade imprescind\u00edvel na gradua\u00e7\u00e3o, onde o estudante que concluiu o Ensino Superior finalmente recebe seu diploma. Este tamb\u00e9m \u00e9 o momento em que o grau de licenciado ou bacharelado \u00e9 concedido aos alunos, que agora podem exercer a profiss\u00e3o escolhida.<br><\/p>\n\n\n\n<p>Na cerim\u00f4nia de cola\u00e7\u00e3o existem momentos onde diversas homenagens s\u00e3o prestadas. Elas s\u00e3o realizadas para as pessoas que foram importantes para a conclus\u00e3o desta etapa na vida dos formandos. No entanto, muitos possuem d\u00favidas sobre como escrever a homenagem aos pais na formatura.&nbsp;<br><\/p>\n\n\n\n<p>Pensando nisso, a <a href=\"http:\/\/bit.ly\/32JiWHO\" target=\"_blank\" rel=\"noreferrer noopener\" aria-label=\" (abre numa nova aba)\"><strong>Futura Convites<\/strong><\/a><strong> <\/strong>separou ideias incr\u00edveis de homenagens aos pais na formatura para se inspirar. Confira!<\/p>\n\n\n\n<p> Siga a Futura Convites no <strong><a rel=\"noreferrer noopener\" href=\"http:\/\/bit.ly\/35vYXy9\" target=\"_blank\">Instagram<\/a><\/strong> para ver os melhores Modelos de Convites e n\u00e3o perder as novidades!  <\/p>\n\n\n\n<h2>Homenagens de Formatura<\/h2>\n\n\n\n<p>Os homenageados na cola\u00e7\u00e3o de grau s\u00e3o:<br><\/p>\n\n\n\n<ol><li><strong>A Deus;<\/strong><\/li><li><strong>Aos mestres;<\/strong><\/li><li><strong>Aos amigos;<\/strong><\/li><li><strong>A quem amamos (noivos, esposos e namorados);<\/strong><\/li><li><strong>Aos ausentes;<\/strong><\/li><li><strong>Aos pais.<\/strong><\/li><\/ol>\n\n\n\n<p><strong><a rel=\"noreferrer noopener\" aria-label=\"Aprenda tamb\u00e9m como escrever Legendas para Fotos de Formatura. (abre numa nova aba)\" href=\"http:\/\/www.futuraconvites.com.br\/blog\/legenda-foto-de-formatura\/\" target=\"_blank\">Confira tamb\u00e9m ideias de Legendas para Fotos de Formatura.<\/a><\/strong><\/p>\n\n\n\n<h2>Ideias de Homenagem Aos Pais na Formatura<\/h2>\n\n\n\n<blockquote class=\"wp-block-quote\"><p><strong>1.<\/strong><em> Meus queridos pais, hoje \u00e9 um dos dias mais importantes da minha vida. Hoje, eu cumpro mais uma miss\u00e3o, pois este \u00e9 o dia da minha formatura e eu tenho muito ou tudo a agradecer a voc\u00eas. Voc\u00eas vieram preparando o meu caminho, desde que eu nasci, para que esse dia enfim chegasse.<\/em><br><\/p><p><em>Voc\u00eas se sacrificaram, se dedicaram, abdicaram de tempo e de muitos projetos pessoais para que eu tivesse a oportunidade de estudar e de ter uma boa forma\u00e7\u00e3o profissional, mas tamb\u00e9m pessoal. Eu devo tudo que sou a voc\u00eas, e se sinto orgulho de mim e do lugar onde cheguei, \u00e9 porque sei que voc\u00eas vieram segurando a minha m\u00e3o.<\/em><br><\/p><p><em>Hoje \u00e9 o primeiro dia do resto da minha vida. E eu agrade\u00e7o a voc\u00eas, como agrade\u00e7o pela vida que me deram, e por serem os melhores pais do mundo. Eu dedico este t\u00edtulo a voc\u00eas. Obrigada meu pai e minha m\u00e3e! Sem voc\u00eas, nada disso seria poss\u00edvel. Eu amo muito voc\u00eas!<\/em><br><\/p><\/blockquote>\n\n\n\n<p><\/p>\n\n\n\n<blockquote class=\"wp-block-quote\"><p><strong>2. <\/strong><em>Palavras nos faltam neste momento para expressar toda nossa gratid\u00e3o a voc\u00eas! Foi uma longa caminhada, mas hoje \u00e9 um dia muito especial, cheio de alegria, l\u00e1grimas e uma \u00fanica certeza: vencemos! Foram v\u00e1rios os momentos de ang\u00fastia, tristeza e inseguran\u00e7a, mas voc\u00eas sempre estiveram presentes, apoiando-nos e ajudando-nos a superar todos os obst\u00e1culos.&nbsp;<\/em><br><\/p><p><em>Voc\u00eas nos deram a vida e nos ensinaram a viv\u00ea-la com dignidade. E quando ousamos sonhar, voc\u00eas nos estenderam a m\u00e3o para que segu\u00edssemos adiante. Hoje temos a sensa\u00e7\u00e3o de dever cumprido, ou talvez seja s\u00f3 o in\u00edcio de um longo projeto para nossas vidas.&nbsp;<\/em><br><\/p><p><em>N\u00f3s sentimos o gosto da vit\u00f3ria, mas talvez o maior orgulho seja de voc\u00eas, que fizeram de seus objetivos a realiza\u00e7\u00e3o de nossos sonhos. E depois de uma vida inteira de dedica\u00e7\u00e3o, s\u00f3 o que podemos dizer neste momento \u00e9: obrigado! Obrigado por nos acompanharem, nos amarem e por confiarem em n\u00f3s. A voc\u00eas, nossos queridos pais, oferecemos a nossa vit\u00f3ria!<\/em><\/p><\/blockquote>\n\n\n\n<p><\/p>\n\n\n\n<blockquote class=\"wp-block-quote\"><p><strong>3. <\/strong><em>Agradecer seria pouco perto de tanta emo\u00e7\u00e3o. Voc\u00eas s\u00e3o a nossa maior vit\u00f3ria. Por isso, faltam argumentos, palavras, gestos para dizer um simples obrigado. Essa \u00e9 somente uma conquista em nossas vidas. Conquista essa que, sem o apoio, incentivo e confian\u00e7a de voc\u00eas, nunca se concretizaria.&nbsp;<\/em><br><\/p><p><em>Agradecemos a voc\u00eas pelo dom da vida, pelo carinho, pelas lutas, pela dedica\u00e7\u00e3o, pelas oportunidades, pelo amor incondicional\u2026 Mas, principalmente, agradecemos por fazerem o nosso sonho se tornar realidade. E, tamb\u00e9m, por terem sonhado e acreditado em nossos ideais. Esse momento \u00e9 t\u00e3o nosso quanto de voc\u00eas, nossos pais! Por isso, emocionamo-nos em lhes dizer: muito obrigado!<\/em><br><\/p><\/blockquote>\n\n\n\n<p><\/p>\n\n\n\n<blockquote class=\"wp-block-quote\"><p><strong>4. <\/strong><em>Voc\u00eas, que sempre estiveram presentes, com o olhar de quem confia e acredita em nossa caminhada. Trabalharam dobrado, sacrificaram seus sonhos em favor dos nossos. Emocionaram-se com nossas primeiras vit\u00f3rias, viveram nossas alegrias e desespero a cada final de semestre.&nbsp;<\/em><br><\/p><p><em>N\u00e3o s\u00e3o apenas pais, mas amigos e companheiros, que sabem nos ouvir e nos dar os melhores conselhos. E, nas horas em que nossos ideais pareciam inating\u00edveis, sempre nos incentivaram a prosseguir e ajudaram a derrubar os obst\u00e1culos mais dif\u00edceis. Voc\u00eas, que s\u00e3o os verdadeiros her\u00f3is desta vit\u00f3ria, merecem o abra\u00e7o mais apertado, o beijo mais demorado e o olhar mais carinhoso. Obrigada, pai, obrigada, m\u00e3e, pela compreens\u00e3o, pelo amor incondicional e pela li\u00e7\u00e3o que nos ensinaram desde os primeiros momentos de nossas vidas.<\/em><br><\/p><\/blockquote>\n\n\n\n<p><\/p>\n\n\n\n<blockquote class=\"wp-block-quote\"><p><strong>5. <\/strong><em>N\u00e3o temos palavras para expressar a nossa gratid\u00e3o por seu amor, carinho e dedica\u00e7\u00e3o. A cada passo dado, l\u00e1 estavam voc\u00eas para nos apoiar. Queremos dedicar esta conquista aos nossos pais e m\u00e3es, que se doaram incondicionalmente, procurando nos fortalecer nesta caminhada. Queremos partilhar esta conquista com voc\u00eas, dizer que somos imensamente gratos por tudo que fizeram e que temos a certeza de que nos acompanhar\u00e3o ao longo de toda a nossa nova jornada.<\/em><\/p><\/blockquote>\n\n\n\n<h2>A Futura Convites<\/h2>\n\n\n\n<p>A <a href=\"http:\/\/bit.ly\/32JiWHO\"><strong>Futura Convites<\/strong><\/a> possui uma ampla variedade de modelos de convites de formatura. Com seu pr\u00f3prio parque gr\u00e1fico, a Futura j\u00e1 realizou o sonho de mais de 80 mil alunos, em 140 cidades diferentes. S\u00e3o quase 2 milh\u00f5es de convites produzidos e 20 anos de compromisso, criatividade, coopera\u00e7\u00e3o e impecabilidade.<br><br><\/p>\n\n\n\n<p>Tornamos o sonho de v\u00e1rios formandos em realidade com nossos convites diferenciados e de alta qualidade, se preocupando com todos os detalhes e acabamentos, desde a solicita\u00e7\u00e3o de or\u00e7amento at\u00e9 a data de entrega. Tudo \u00e9 acompanhado de perto para que voc\u00ea tenha sua satisfa\u00e7\u00e3o em primeiro lugar. Al\u00e9m disso, o seu convite \u00e9 feito de forma totalmente personalizada e exclusiva!<br><\/p>\n\n\n\n<p>Veja todos os nossos <a href=\"http:\/\/futuraconvites.com.br\/Convites-de-formatura.html\" target=\"_blank\" rel=\"noreferrer noopener\" aria-label=\" (abre numa nova aba)\"><strong>Modelos de Convites de Formatura<\/strong><\/a>.<br><\/p>\n\n\n\n<p>Entre em contato conosco e fa\u00e7a um <a rel=\"noreferrer noopener\" href=\"https:\/\/mkt.futuraexpress.com.br\/orcamento-fc\" target=\"_blank\"><strong>or\u00e7amento<\/strong><\/a>! <\/p>\n\n\n\n<div role=\"main\" id=\"newsletter-post-fc-18722d853e9873042a99\"><\/div>\n<script type=\"text\/javascript\" src=\"https:\/\/d335luupugsy2.cloudfront.net\/js\/rdstation-forms\/stable\/rdstation-forms.min.js\"><\/script>\n<script type=\"text\/javascript\"> new RDStationForms('newsletter-post-fc-18722d853e9873042a99', 'UA-17245279-5').createForm();<\/script>\n","protected":false},"excerpt":{"rendered":"<p>A homenagem aos pais na formatura consiste nos agradecimentos prestados aos pais e m\u00e3es dos formandos durante a cerim\u00f4nia de Cola\u00e7\u00e3o de Grau. A cola\u00e7\u00e3o de grau \u00e9 uma solenidade imprescind\u00edvel na gradua\u00e7\u00e3o, onde o estudante que concluiu o Ensino Superior finalmente recebe seu diploma. Este tamb\u00e9m \u00e9 o momento em que o grau de [&hellip;]<\/p>\n","protected":false},"author":10,"featured_media":2350,"comment_status":"open","ping_status":"open","sticky":false,"template":"","format":"standard","meta":[],"categories":[183],"tags":[301,252],"yoast_head":"<!-- This site is optimized with the Yoast SEO plugin v15.0 - https:\/\/yoast.com\/wordpress\/plugins\/seo\/ -->\r\n<title>Homenagem Aos Pais na Formatura - Melhores Ideias<\/title>\r\n<meta name=\"description\" content=\"Confira as melhores ideias de homenagem aos pais na formatura e se inspire na hora de escrever os seus agradecimentos de formatura.\" \/>\r\n<meta name=\"robots\" content=\"index, follow, max-snippet:-1, max-image-preview:large, max-video-preview:-1\" \/>\r\n<link rel=\"canonical\" href=\"http:\/\/www.futuraconvites.com.br\/blog\/homenagem-aos-pais-na-formatura\/\" \/>\r\n<meta property=\"og:locale\" content=\"pt_BR\" \/>\r\n<meta property=\"og:type\" content=\"article\" \/>\r\n<meta property=\"og:title\" content=\"Homenagem Aos Pais na Formatura - Melhores Ideias\" \/>\r\n<meta property=\"og:description\" content=\"Confira as melhores ideias de homenagem aos pais na formatura e se inspire na hora de escrever os seus agradecimentos de formatura.\" \/>\r\n<meta property=\"og:url\" content=\"http:\/\/www.futuraconvites.com.br\/blog\/homenagem-aos-pais-na-formatura\/\" \/>\r\n<meta property=\"og:site_name\" content=\"Blog Futura Convites\" \/>\r\n<meta property=\"article:publisher\" content=\"https:\/\/www.facebook.com\/futuraconvites\" \/>\r\n<meta property=\"article:published_time\" content=\"2020-03-06T14:46:30+00:00\" \/>\r\n<meta property=\"article:modified_time\" content=\"2020-09-25T13:45:32+00:00\" \/>\r\n<meta property=\"og:image\" content=\"https:\/\/www.futuraconvites.com.br\/blog\/wp-content\/uploads\/2020\/03\/Homenagem-aos-Pais-Formatura.jpg\" \/>\r\n\t<meta property=\"og:image:width\" content=\"781\" \/>\r\n\t<meta property=\"og:image:height\" content=\"390\" \/>\r\n<meta name=\"twitter:card\" content=\"summary\" \/>\r\n<meta name=\"twitter:creator\" content=\"@narasilvabh\" \/>\r\n<script type=\"application\/ld+json\" class=\"yoast-schema-graph\">{\"@context\":\"https:\/\/schema.org\",\"@graph\":[{\"@type\":\"Organization\",\"@id\":\"https:\/\/www.futuraconvites.com.br\/blog\/#organization\",\"name\":\"Futura Convites\",\"url\":\"https:\/\/www.futuraconvites.com.br\/blog\/\",\"sameAs\":[\"https:\/\/www.facebook.com\/futuraconvites\",\"https:\/\/www.instagram.com\/futuraconvites\/\",\"https:\/\/www.youtube.com\/channel\/UCUCwRP5jzATl8ja3cjDm4Iw\",\"https:\/\/br.pinterest.com\/futuraconvites\/\"],\"logo\":{\"@type\":\"ImageObject\",\"@id\":\"https:\/\/www.futuraconvites.com.br\/blog\/#logo\",\"inLanguage\":\"pt-BR\",\"url\":\"https:\/\/www.futuraconvites.com.br\/blog\/wp-content\/uploads\/2016\/07\/logo_futuraconvites.png\",\"width\":180,\"height\":72,\"caption\":\"Futura Convites\"},\"image\":{\"@id\":\"https:\/\/www.futuraconvites.com.br\/blog\/#logo\"}},{\"@type\":\"WebSite\",\"@id\":\"https:\/\/www.futuraconvites.com.br\/blog\/#website\",\"url\":\"https:\/\/www.futuraconvites.com.br\/blog\/\",\"name\":\"Blog Futura Convites\",\"description\":\"Convites, Cerim\\u00f4nias de Formatura e mais! \",\"publisher\":{\"@id\":\"https:\/\/www.futuraconvites.com.br\/blog\/#organization\"},\"potentialAction\":[{\"@type\":\"SearchAction\",\"target\":\"https:\/\/www.futuraconvites.com.br\/blog\/?s={search_term_string}\",\"query-input\":\"required name=search_term_string\"}],\"inLanguage\":\"pt-BR\"},{\"@type\":\"ImageObject\",\"@id\":\"http:\/\/www.futuraconvites.com.br\/blog\/homenagem-aos-pais-na-formatura\/#primaryimage\",\"inLanguage\":\"pt-BR\",\"url\":\"https:\/\/www.futuraconvites.com.br\/blog\/wp-content\/uploads\/2020\/03\/Homenagem-aos-Pais-Formatura.jpg\",\"width\":781,\"height\":390,\"caption\":\"Homenagem aos Pais Formatura\"},{\"@type\":\"WebPage\",\"@id\":\"http:\/\/www.futuraconvites.com.br\/blog\/homenagem-aos-pais-na-formatura\/#webpage\",\"url\":\"http:\/\/www.futuraconvites.com.br\/blog\/homenagem-aos-pais-na-formatura\/\",\"name\":\"Homenagem Aos Pais na Formatura - Melhores Ideias\",\"isPartOf\":{\"@id\":\"https:\/\/www.futuraconvites.com.br\/blog\/#website\"},\"primaryImageOfPage\":{\"@id\":\"http:\/\/www.futuraconvites.com.br\/blog\/homenagem-aos-pais-na-formatura\/#primaryimage\"},\"datePublished\":\"2020-03-06T14:46:30+00:00\",\"dateModified\":\"2020-09-25T13:45:32+00:00\",\"description\":\"Confira as melhores ideias de homenagem aos pais na formatura e se inspire na hora de escrever os seus agradecimentos de formatura.\",\"inLanguage\":\"pt-BR\",\"potentialAction\":[{\"@type\":\"ReadAction\",\"target\":[\"http:\/\/www.futuraconvites.com.br\/blog\/homenagem-aos-pais-na-formatura\/\"]}]},{\"@type\":\"Article\",\"@id\":\"http:\/\/www.futuraconvites.com.br\/blog\/homenagem-aos-pais-na-formatura\/#article\",\"isPartOf\":{\"@id\":\"http:\/\/www.futuraconvites.com.br\/blog\/homenagem-aos-pais-na-formatura\/#webpage\"},\"author\":{\"@id\":\"https:\/\/www.futuraconvites.com.br\/blog\/#\/schema\/person\/7b6b8964f89bbf07d39b5c00049fe8de\"},\"headline\":\"Homenagem aos Pais na Formatura &#8211; Melhores Ideias para se Inspirar!\",\"datePublished\":\"2020-03-06T14:46:30+00:00\",\"dateModified\":\"2020-09-25T13:45:32+00:00\",\"mainEntityOfPage\":{\"@id\":\"http:\/\/www.futuraconvites.com.br\/blog\/homenagem-aos-pais-na-formatura\/#webpage\"},\"commentCount\":0,\"publisher\":{\"@id\":\"https:\/\/www.futuraconvites.com.br\/blog\/#organization\"},\"image\":{\"@id\":\"http:\/\/www.futuraconvites.com.br\/blog\/homenagem-aos-pais-na-formatura\/#primaryimage\"},\"keywords\":\"homenagem aos pais na formatura,homenagens formatura\",\"articleSection\":\"Formatura\",\"inLanguage\":\"pt-BR\",\"potentialAction\":[{\"@type\":\"CommentAction\",\"name\":\"Comment\",\"target\":[\"http:\/\/www.futuraconvites.com.br\/blog\/homenagem-aos-pais-na-formatura\/#respond\"]}]},{\"@type\":\"Person\",\"@id\":\"https:\/\/www.futuraconvites.com.br\/blog\/#\/schema\/person\/7b6b8964f89bbf07d39b5c00049fe8de\",\"name\":\"Nara Silva\",\"image\":{\"@type\":\"ImageObject\",\"@id\":\"https:\/\/www.futuraconvites.com.br\/blog\/#personlogo\",\"inLanguage\":\"pt-BR\",\"url\":\"https:\/\/secure.gravatar.com\/avatar\/c9344d249d5317d270e7f823f8b16f89?s=96&d=mm&r=g\",\"caption\":\"Nara Silva\"},\"description\":\"Nara \\u00e9 estudante de Jornalismo e \\u00e9 apaixonada pela an\\u00e1lise de esportes e livros. Ela \\u00e9 redatora e especialista em SEO e faz parte da equipe de Marketing e Conte\\u00fado da Futura Express e Futura Convites. A Nara adora sair com os amigos, sempre est\\u00e1 disposta a ajudar o pr\\u00f3ximo e n\\u00e3o dispensa uma boa x\\u00edcara de caf\\u00e9. Conhe\\u00e7a mais os seus textos!\",\"sameAs\":[\"https:\/\/twitter.com\/narasilvabh\"]}]}<\/script>\r\n<!-- \/ Yoast SEO plugin. -->","_links":{"self":[{"href":"https:\/\/www.futuraconvites.com.br\/blog\/wp-json\/wp\/v2\/posts\/2327"}],"collection":[{"href":"https:\/\/www.futuraconvites.com.br\/blog\/wp-json\/wp\/v2\/posts"}],"about":[{"href":"https:\/\/www.futuraconvites.com.br\/blog\/wp-json\/wp\/v2\/types\/post"}],"author":[{"embeddable":true,"href":"https:\/\/www.futuraconvites.com.br\/blog\/wp-json\/wp\/v2\/users\/10"}],"replies":[{"embeddable":true,"href":"https:\/\/www.futuraconvites.com.br\/blog\/wp-json\/wp\/v2\/comments?post=2327"}],"version-history":[{"count":5,"href":"https:\/\/www.futuraconvites.com.br\/blog\/wp-json\/wp\/v2\/posts\/2327\/revisions"}],"predecessor-version":[{"id":3289,"href":"https:\/\/www.futuraconvites.com.br\/blog\/wp-json\/wp\/v2\/posts\/2327\/revisions\/3289"}],"wp:featuredmedia":[{"embeddable":true,"href":"https:\/\/www.futuraconvites.com.br\/blog\/wp-json\/wp\/v2\/media\/2350"}],"wp:attachment":[{"href":"https:\/\/www.futuraconvites.com.br\/blog\/wp-json\/wp\/v2\/media?parent=2327"}],"wp:term":[{"taxonomy":"category","embeddable":true,"href":"https:\/\/www.futuraconvites.com.br\/blog\/wp-json\/wp\/v2\/categories?post=2327"},{"taxonomy":"post_tag","embeddable":true,"href":"https:\/\/www.futuraconvites.com.br\/blog\/wp-json\/wp\/v2\/tags?post=2327"}],"curies":[{"name":"wp","href":"https:\/\/api.w.org\/{rel}","templated":true}]}}