{"id":2549,"date":"2020-05-11T14:33:53","date_gmt":"2020-05-11T17:33:53","guid":{"rendered":"http:\/\/www.futuraconvites.com.br\/blog\/?p=2549"},"modified":"2020-09-25T16:33:29","modified_gmt":"2020-09-25T19:33:29","slug":"chapeu-de-formatura","status":"publish","type":"post","link":"https:\/\/www.futuraconvites.com.br\/blog\/chapeu-de-formatura\/","title":{"rendered":"Chap\u00e9u de Formatura &#8211; Descubra qual \u00e9 o Nome e a sua Fun\u00e7\u00e3o!"},"content":{"rendered":"\n<blockquote class=\"wp-block-quote\"><p><strong><em>Voc\u00ea sabe qual \u00e9 o nome do chap\u00e9u de formatura? Ele se chama capelo e \u00e9 utilizado pelos formandos durante a cerim\u00f4nia da Cola\u00e7\u00e3o de Grau e simboliza o rito de passagem de estudante para profissional.<\/em><\/strong><br><\/p><\/blockquote>\n\n\n\n<p>Uma das principais cerim\u00f4nias de formatura \u00e9 a cola\u00e7\u00e3o de grau. Sendo o momento principal aquele em que o diploma \u00e9 entregue aos alunos, tamb\u00e9m s\u00e3o realizados outros momentos solenes.<br><\/p>\n\n\n\n<p>Existe um traje t\u00edpico da cola\u00e7\u00e3o de grau: a beca de formatura. Em cerim\u00f4nias de formatura por todo o mundo a vestimenta dos formandos \u00e9 a mesma. Mas voc\u00ea sabe qual \u00e9 o nome do chap\u00e9u de formatura? A Futura Convites preparou este artigo para esclarecer todas as d\u00favidas sobre o assunto. Confira!<\/p>\n\n\n\n<h2>O que \u00e9 Cola\u00e7\u00e3o de Grau?<\/h2>\n\n\n\n<p>A cola\u00e7\u00e3o de grau \u00e9 uma solenidade imprescind\u00edvel na gradua\u00e7\u00e3o. Nela, o estudante que concluiu o Ensino Superior finalmente recebe seu diploma. Este tamb\u00e9m \u00e9 o momento onde o grau de licenciado ou bacharelado \u00e9 concedido aos alunos, que agora podem exercer a profiss\u00e3o escolhida.\u00a0<\/p>\n\n\n\n<div class=\"wp-block-image\"><figure class=\"aligncenter size-large\"><a href=\"https:\/\/mkt.futuraexpress.com.br\/ebook-20-sites-para-estagios\" target=\"_blank\" rel=\"noopener noreferrer\"><img loading=\"lazy\" width=\"728\" height=\"200\" src=\"http:\/\/www.futuraconvites.com.br\/blog\/wp-content\/uploads\/2020\/09\/banners-futura-convites-20-sites.jpg\" alt=\"\" class=\"wp-image-3359\" srcset=\"https:\/\/www.futuraconvites.com.br\/blog\/wp-content\/uploads\/2020\/09\/banners-futura-convites-20-sites.jpg 728w, https:\/\/www.futuraconvites.com.br\/blog\/wp-content\/uploads\/2020\/09\/banners-futura-convites-20-sites-300x82.jpg 300w, https:\/\/www.futuraconvites.com.br\/blog\/wp-content\/uploads\/2020\/09\/banners-futura-convites-20-sites-320x88.jpg 320w\" sizes=\"(max-width: 728px) 100vw, 728px\" \/><\/a><\/figure><\/div>\n\n\n\n<h2>O que \u00e9 Beca de Formatura?<\/h2>\n\n\n\n<p>A beca de formatura \u00e9 cl\u00e1ssica e \u00e9 uma tradi\u00e7\u00e3o para todas as cerim\u00f4nias de cola\u00e7\u00e3o de grau. Sua origem est\u00e1 em universidades da Fran\u00e7a, em meados do s\u00e9culo XIII. Os franceses sempre possu\u00edram o costume de utilizar vestimentas diferentes para ocasi\u00f5es especiais, como audi\u00eancias, solenidades, etc.<br><\/p>\n\n\n\n<p>A partir do surgimento do reitor \u2013 posi\u00e7\u00e3o m\u00e1xima de uma faculdade \u2013 a beca de formatura come\u00e7ou a se popularizar. Ela foi criada para ser um traje especial, para diferenciar os formandos dos demais convidados na cerim\u00f4nia de cola\u00e7\u00e3o de grau.<\/p>\n\n\n\n<h3>Composi\u00e7\u00e3o da Beca de Formatura<\/h3>\n\n\n\n<div class=\"wp-block-image\"><figure class=\"aligncenter size-large\"><img loading=\"lazy\" width=\"600\" height=\"300\" src=\"http:\/\/www.futuraconvites.com.br\/blog\/wp-content\/uploads\/2020\/05\/Chap\u00e9u-de-Formatura-Capelo-1.jpg\" alt=\"Chap\u00e9u de Formatura Capelo (1)\" class=\"wp-image-2550\" srcset=\"https:\/\/www.futuraconvites.com.br\/blog\/wp-content\/uploads\/2020\/05\/Chap\u00e9u-de-Formatura-Capelo-1.jpg 600w, https:\/\/www.futuraconvites.com.br\/blog\/wp-content\/uploads\/2020\/05\/Chap\u00e9u-de-Formatura-Capelo-1-300x150.jpg 300w\" sizes=\"(max-width: 600px) 100vw, 600px\" \/><\/figure><\/div>\n\n\n\n<ul><li>Beca;<\/li><li>Jabor;<\/li><li>Faixa;<\/li><li>Capelo.<\/li><\/ul>\n\n\n\n<h2>Chap\u00e9u de Formatura<\/h2>\n\n\n\n<div class=\"wp-block-image\"><figure class=\"aligncenter size-large\"><img loading=\"lazy\" width=\"600\" height=\"300\" src=\"http:\/\/www.futuraconvites.com.br\/blog\/wp-content\/uploads\/2020\/05\/Chap\u00e9u-de-Formatura-Capelo-2.jpg\" alt=\"Chap\u00e9u de Formatura Capelo (2)\" class=\"wp-image-2551\" srcset=\"https:\/\/www.futuraconvites.com.br\/blog\/wp-content\/uploads\/2020\/05\/Chap\u00e9u-de-Formatura-Capelo-2.jpg 600w, https:\/\/www.futuraconvites.com.br\/blog\/wp-content\/uploads\/2020\/05\/Chap\u00e9u-de-Formatura-Capelo-2-300x150.jpg 300w\" sizes=\"(max-width: 600px) 100vw, 600px\" \/><\/figure><\/div>\n\n\n\n<p>O chap\u00e9u de formatura utilizado pelos formandos possui o nome de capelo. Esta palavra possui origem da palavra italiana <em>capello<\/em>, que significa chap\u00e9u. Ele se encaixa na cabe\u00e7a, possui uma forma quadrada em seu topo e um cord\u00e3o. O capelo representa o poder temporal, possuindo uma correla\u00e7\u00e3o e analogia com a coroa real.&nbsp;<\/p>\n\n\n\n<h2>A Futura Convites<\/h2>\n\n\n\n<p>A <a href=\"http:\/\/bit.ly\/32JiWHO\"><strong>Futura Convites<\/strong><\/a> possui uma ampla variedade de modelos de convites de formatura. Com seu pr\u00f3prio parque gr\u00e1fico, a Futura j\u00e1 realizou o sonho de mais de 80 mil alunos, em 140 cidades diferentes. S\u00e3o quase 2 milh\u00f5es de convites produzidos e 20 anos de compromisso, criatividade, coopera\u00e7\u00e3o e impecabilidade.<br><\/p>\n\n\n\n<p>Tornamos o sonho de v\u00e1rios formandos em realidade com nossos convites diferenciados e de alta qualidade, se preocupando com todos os detalhes e acabamentos, desde a solicita\u00e7\u00e3o de or\u00e7amento at\u00e9 a data de entrega. Tudo \u00e9 acompanhado de perto para que voc\u00ea tenha sua satisfa\u00e7\u00e3o em primeiro lugar. E o melhor, o seu convite \u00e9 feito de forma totalmente personalizada e exclusiva!<br><\/p>\n\n\n\n<p> Veja todos os nossos <a rel=\"noreferrer noopener\" href=\"http:\/\/futuraconvites.com.br\/Convites-de-formatura.html\" target=\"_blank\"><strong>Modelos de Convites de Formatura<\/strong><\/a>. <\/p>\n\n\n\n<p>Entre em contato conosco e fa\u00e7a um <a rel=\"noreferrer noopener\" href=\"https:\/\/mkt.futuraexpress.com.br\/orcamento-fc\" target=\"_blank\"><strong>or\u00e7amento<\/strong><\/a>! <\/p>\n\n\n\n<div role=\"main\" id=\"newsletter-post-fc-18722d853e9873042a99\"><\/div>\n<script type=\"text\/javascript\" src=\"https:\/\/d335luupugsy2.cloudfront.net\/js\/rdstation-forms\/stable\/rdstation-forms.min.js\"><\/script>\n<script type=\"text\/javascript\"> new RDStationForms('newsletter-post-fc-18722d853e9873042a99', 'UA-17245279-5').createForm();<\/script>\n","protected":false},"excerpt":{"rendered":"<p>Voc\u00ea sabe qual \u00e9 o nome do chap\u00e9u de formatura? Ele se chama capelo e \u00e9 utilizado pelos formandos durante a cerim\u00f4nia da Cola\u00e7\u00e3o de Grau e simboliza o rito de passagem de estudante para profissional. Uma das principais cerim\u00f4nias de formatura \u00e9 a cola\u00e7\u00e3o de grau. Sendo o momento principal aquele em que o [&hellip;]<\/p>\n","protected":false},"author":10,"featured_media":2552,"comment_status":"open","ping_status":"open","sticky":false,"template":"","format":"standard","meta":[],"categories":[183],"tags":[328,327],"yoast_head":"<!-- This site is optimized with the Yoast SEO plugin v15.0 - https:\/\/yoast.com\/wordpress\/plugins\/seo\/ -->\r\n<title>Chap\u00e9u de Formatura - Descubra o Nome e sua Fun\u00e7\u00e3o!<\/title>\r\n<meta name=\"description\" content=\"Aprenda de vez qual \u00e9 o nome do Chap\u00e9u de Formatura e saiba qual \u00e9 a sua fun\u00e7\u00e3o neste artigo preparado pela Futura Convites!\" \/>\r\n<meta name=\"robots\" content=\"index, follow, max-snippet:-1, max-image-preview:large, max-video-preview:-1\" \/>\r\n<link rel=\"canonical\" href=\"http:\/\/www.futuraconvites.com.br\/blog\/chapeu-de-formatura\/\" \/>\r\n<meta property=\"og:locale\" content=\"pt_BR\" \/>\r\n<meta property=\"og:type\" content=\"article\" \/>\r\n<meta property=\"og:title\" content=\"Chap\u00e9u de Formatura - Descubra o Nome e sua Fun\u00e7\u00e3o!\" \/>\r\n<meta property=\"og:description\" content=\"Aprenda de vez qual \u00e9 o nome do Chap\u00e9u de Formatura e saiba qual \u00e9 a sua fun\u00e7\u00e3o neste artigo preparado pela Futura Convites!\" \/>\r\n<meta property=\"og:url\" content=\"http:\/\/www.futuraconvites.com.br\/blog\/chapeu-de-formatura\/\" \/>\r\n<meta property=\"og:site_name\" content=\"Blog Futura Convites\" \/>\r\n<meta property=\"article:publisher\" content=\"https:\/\/www.facebook.com\/futuraconvites\" \/>\r\n<meta property=\"article:published_time\" content=\"2020-05-11T17:33:53+00:00\" \/>\r\n<meta property=\"article:modified_time\" content=\"2020-09-25T19:33:29+00:00\" \/>\r\n<meta property=\"og:image\" content=\"https:\/\/www.futuraconvites.com.br\/blog\/wp-content\/uploads\/2020\/05\/Chap\u00e9u-de-Formatura.jpg\" \/>\r\n\t<meta property=\"og:image:width\" content=\"611\" \/>\r\n\t<meta property=\"og:image:height\" content=\"305\" \/>\r\n<meta name=\"twitter:card\" content=\"summary\" \/>\r\n<meta name=\"twitter:creator\" content=\"@narasilvabh\" \/>\r\n<script type=\"application\/ld+json\" class=\"yoast-schema-graph\">{\"@context\":\"https:\/\/schema.org\",\"@graph\":[{\"@type\":\"Organization\",\"@id\":\"https:\/\/www.futuraconvites.com.br\/blog\/#organization\",\"name\":\"Futura Convites\",\"url\":\"https:\/\/www.futuraconvites.com.br\/blog\/\",\"sameAs\":[\"https:\/\/www.facebook.com\/futuraconvites\",\"https:\/\/www.instagram.com\/futuraconvites\/\",\"https:\/\/www.youtube.com\/channel\/UCUCwRP5jzATl8ja3cjDm4Iw\",\"https:\/\/br.pinterest.com\/futuraconvites\/\"],\"logo\":{\"@type\":\"ImageObject\",\"@id\":\"https:\/\/www.futuraconvites.com.br\/blog\/#logo\",\"inLanguage\":\"pt-BR\",\"url\":\"https:\/\/www.futuraconvites.com.br\/blog\/wp-content\/uploads\/2016\/07\/logo_futuraconvites.png\",\"width\":180,\"height\":72,\"caption\":\"Futura Convites\"},\"image\":{\"@id\":\"https:\/\/www.futuraconvites.com.br\/blog\/#logo\"}},{\"@type\":\"WebSite\",\"@id\":\"https:\/\/www.futuraconvites.com.br\/blog\/#website\",\"url\":\"https:\/\/www.futuraconvites.com.br\/blog\/\",\"name\":\"Blog Futura Convites\",\"description\":\"Convites, Cerim\\u00f4nias de Formatura e mais! \",\"publisher\":{\"@id\":\"https:\/\/www.futuraconvites.com.br\/blog\/#organization\"},\"potentialAction\":[{\"@type\":\"SearchAction\",\"target\":\"https:\/\/www.futuraconvites.com.br\/blog\/?s={search_term_string}\",\"query-input\":\"required name=search_term_string\"}],\"inLanguage\":\"pt-BR\"},{\"@type\":\"ImageObject\",\"@id\":\"http:\/\/www.futuraconvites.com.br\/blog\/chapeu-de-formatura\/#primaryimage\",\"inLanguage\":\"pt-BR\",\"url\":\"https:\/\/www.futuraconvites.com.br\/blog\/wp-content\/uploads\/2020\/05\/Chap\\u00e9u-de-Formatura.jpg\",\"width\":611,\"height\":305,\"caption\":\"Chap\\u00e9u de Formatura\"},{\"@type\":\"WebPage\",\"@id\":\"http:\/\/www.futuraconvites.com.br\/blog\/chapeu-de-formatura\/#webpage\",\"url\":\"http:\/\/www.futuraconvites.com.br\/blog\/chapeu-de-formatura\/\",\"name\":\"Chap\\u00e9u de Formatura - Descubra o Nome e sua Fun\\u00e7\\u00e3o!\",\"isPartOf\":{\"@id\":\"https:\/\/www.futuraconvites.com.br\/blog\/#website\"},\"primaryImageOfPage\":{\"@id\":\"http:\/\/www.futuraconvites.com.br\/blog\/chapeu-de-formatura\/#primaryimage\"},\"datePublished\":\"2020-05-11T17:33:53+00:00\",\"dateModified\":\"2020-09-25T19:33:29+00:00\",\"description\":\"Aprenda de vez qual \\u00e9 o nome do Chap\\u00e9u de Formatura e saiba qual \\u00e9 a sua fun\\u00e7\\u00e3o neste artigo preparado pela Futura Convites!\",\"inLanguage\":\"pt-BR\",\"potentialAction\":[{\"@type\":\"ReadAction\",\"target\":[\"http:\/\/www.futuraconvites.com.br\/blog\/chapeu-de-formatura\/\"]}]},{\"@type\":\"Article\",\"@id\":\"http:\/\/www.futuraconvites.com.br\/blog\/chapeu-de-formatura\/#article\",\"isPartOf\":{\"@id\":\"http:\/\/www.futuraconvites.com.br\/blog\/chapeu-de-formatura\/#webpage\"},\"author\":{\"@id\":\"https:\/\/www.futuraconvites.com.br\/blog\/#\/schema\/person\/7b6b8964f89bbf07d39b5c00049fe8de\"},\"headline\":\"Chap\\u00e9u de Formatura &#8211; Descubra qual \\u00e9 o Nome e a sua Fun\\u00e7\\u00e3o!\",\"datePublished\":\"2020-05-11T17:33:53+00:00\",\"dateModified\":\"2020-09-25T19:33:29+00:00\",\"mainEntityOfPage\":{\"@id\":\"http:\/\/www.futuraconvites.com.br\/blog\/chapeu-de-formatura\/#webpage\"},\"commentCount\":0,\"publisher\":{\"@id\":\"https:\/\/www.futuraconvites.com.br\/blog\/#organization\"},\"image\":{\"@id\":\"http:\/\/www.futuraconvites.com.br\/blog\/chapeu-de-formatura\/#primaryimage\"},\"keywords\":\"capelo,chapeu de formatura\",\"articleSection\":\"Formatura\",\"inLanguage\":\"pt-BR\",\"potentialAction\":[{\"@type\":\"CommentAction\",\"name\":\"Comment\",\"target\":[\"http:\/\/www.futuraconvites.com.br\/blog\/chapeu-de-formatura\/#respond\"]}]},{\"@type\":\"Person\",\"@id\":\"https:\/\/www.futuraconvites.com.br\/blog\/#\/schema\/person\/7b6b8964f89bbf07d39b5c00049fe8de\",\"name\":\"Nara Silva\",\"image\":{\"@type\":\"ImageObject\",\"@id\":\"https:\/\/www.futuraconvites.com.br\/blog\/#personlogo\",\"inLanguage\":\"pt-BR\",\"url\":\"https:\/\/secure.gravatar.com\/avatar\/c9344d249d5317d270e7f823f8b16f89?s=96&d=mm&r=g\",\"caption\":\"Nara Silva\"},\"description\":\"Nara \\u00e9 estudante de Jornalismo e \\u00e9 apaixonada pela an\\u00e1lise de esportes e livros. Ela \\u00e9 redatora e especialista em SEO e faz parte da equipe de Marketing e Conte\\u00fado da Futura Express e Futura Convites. A Nara adora sair com os amigos, sempre est\\u00e1 disposta a ajudar o pr\\u00f3ximo e n\\u00e3o dispensa uma boa x\\u00edcara de caf\\u00e9. Conhe\\u00e7a mais os seus textos!\",\"sameAs\":[\"https:\/\/twitter.com\/narasilvabh\"]}]}<\/script>\r\n<!-- \/ Yoast SEO plugin. -->","_links":{"self":[{"href":"https:\/\/www.futuraconvites.com.br\/blog\/wp-json\/wp\/v2\/posts\/2549"}],"collection":[{"href":"https:\/\/www.futuraconvites.com.br\/blog\/wp-json\/wp\/v2\/posts"}],"about":[{"href":"https:\/\/www.futuraconvites.com.br\/blog\/wp-json\/wp\/v2\/types\/post"}],"author":[{"embeddable":true,"href":"https:\/\/www.futuraconvites.com.br\/blog\/wp-json\/wp\/v2\/users\/10"}],"replies":[{"embeddable":true,"href":"https:\/\/www.futuraconvites.com.br\/blog\/wp-json\/wp\/v2\/comments?post=2549"}],"version-history":[{"count":6,"href":"https:\/\/www.futuraconvites.com.br\/blog\/wp-json\/wp\/v2\/posts\/2549\/revisions"}],"predecessor-version":[{"id":3364,"href":"https:\/\/www.futuraconvites.com.br\/blog\/wp-json\/wp\/v2\/posts\/2549\/revisions\/3364"}],"wp:featuredmedia":[{"embeddable":true,"href":"https:\/\/www.futuraconvites.com.br\/blog\/wp-json\/wp\/v2\/media\/2552"}],"wp:attachment":[{"href":"https:\/\/www.futuraconvites.com.br\/blog\/wp-json\/wp\/v2\/media?parent=2549"}],"wp:term":[{"taxonomy":"category","embeddable":true,"href":"https:\/\/www.futuraconvites.com.br\/blog\/wp-json\/wp\/v2\/categories?post=2549"},{"taxonomy":"post_tag","embeddable":true,"href":"https:\/\/www.futuraconvites.com.br\/blog\/wp-json\/wp\/v2\/tags?post=2549"}],"curies":[{"name":"wp","href":"https:\/\/api.w.org\/{rel}","templated":true}]}}