{"id":2888,"date":"2020-07-29T07:35:12","date_gmt":"2020-07-29T10:35:12","guid":{"rendered":"http:\/\/www.futuraconvites.com.br\/blog\/?p=2888"},"modified":"2020-09-25T11:07:09","modified_gmt":"2020-09-25T14:07:09","slug":"discurso-de-formatura-emocionante","status":"publish","type":"post","link":"https:\/\/www.futuraconvites.com.br\/blog\/discurso-de-formatura-emocionante\/","title":{"rendered":"Discurso de Formatura Emocionante &#8211; Modelo Incr\u00edvel de Discurso para Formatura"},"content":{"rendered":"\n<blockquote class=\"wp-block-quote\"><p><strong><em>O discurso de formatura emocionante \u00e9 o momento em que o orador de uma turma de formandos do Ensino Superior \u2013 ou M\u00e9dio \u2013 discursa na cerim\u00f4nia de Cola\u00e7\u00e3o de Grau de forma a tocar o cora\u00e7\u00e3o de todos os presentes.<\/em><\/strong><\/p><\/blockquote>\n\n\n\n<p>A cola\u00e7\u00e3o de grau \u00e9 uma cerim\u00f4nia obrigat\u00f3ria na gradua\u00e7\u00e3o em que o estudante que concluiu o Ensino Superior finalmente recebe seu diploma. Este tamb\u00e9m \u00e9 o momento onde o grau de licenciado ou bacharelado \u00e9 concedido aos alunos, que agora podem exercer a profiss\u00e3o escolhida.<\/p>\n\n\n\n<p>Nesta solenidade formal \u00e9 onde os diplomas s\u00e3o entregues, e tamb\u00e9m onde os discursos e homenagens s\u00e3o realizados, al\u00e9m da realiza\u00e7\u00e3o do juramento \u2013 que cont\u00e9m os deveres e responsabilidades do profissional para com a sociedade.<\/p>\n\n\n\n<p>O <strong><a href=\"http:\/\/www.futuraconvites.com.br\/blog\/discurso-de-formatura\/\" target=\"_blank\" aria-label=\"undefined (opens in a new tab)\" rel=\"noreferrer noopener\">discurso de formatura<\/a><\/strong> emocionante \u00e9 um dos principais momentos da cola\u00e7\u00e3o de grau. Nesta hora, a trajet\u00f3ria da turma \u00e9 relembrada, pontuando os seus melhores momentos, sempre ressaltando a gratid\u00e3o \u00e0queles que foram essenciais para que os formandos atingissem esse objetivo.<\/p>\n\n\n\n<p>O orador, escolhido pela turma, deve possuir uma boa orat\u00f3ria, para envolver, atrav\u00e9s de seu discurso, todos os presentes. Este discurso deve ser sucinto, feito com criatividade e deve possuir sua carga emocional.<\/p>\n\n\n\n<h2>Dicas para um Discurso de Formatura Emocionante<\/h2>\n\n\n\n<div class=\"wp-block-image\"><figure class=\"aligncenter size-large\"><img loading=\"lazy\" width=\"600\" height=\"300\" src=\"http:\/\/www.futuraconvites.com.br\/blog\/wp-content\/uploads\/2020\/07\/Discurso-de-Formatura-1.jpg\" alt=\"Discurso de Formatura (1)\" class=\"wp-image-2889\" srcset=\"https:\/\/www.futuraconvites.com.br\/blog\/wp-content\/uploads\/2020\/07\/Discurso-de-Formatura-1.jpg 600w, https:\/\/www.futuraconvites.com.br\/blog\/wp-content\/uploads\/2020\/07\/Discurso-de-Formatura-1-300x150.jpg 300w\" sizes=\"(max-width: 600px) 100vw, 600px\" \/><\/figure><\/div>\n\n\n\n<h3>1. Escolha o Tema Central e a Estrutura<\/h3>\n\n\n\n<p>Para desenvolver um discurso de formatura emocionante, \u00e9 importante que ele tenha um tema central e significativo para a turma de formandos. Os principais temas de discursos s\u00e3o: maturidade, transforma\u00e7\u00e3o, supera\u00e7\u00e3o e conquista.<\/p>\n\n\n\n<p>\u00c9 preciso bastante cautela para escolher a tem\u00e1tica, pois ser\u00e1 o fundamento de todo o discurso de formatura. Por isso, relembrar os melhores momentos, bem como os desafios superados s\u00e3o \u00f3timas dicas.<\/p>\n\n\n\n<p>Al\u00e9m disso, tamb\u00e9m \u00e9 preciso ter cuidado com a estrutura do discurso de formatura, que conta com:<\/p>\n\n\n\n<ul><li><strong>Abertura<\/strong>: cont\u00e9m os agradecimentos aos presentes, a apresenta\u00e7\u00e3o do tema e a prepara\u00e7\u00e3o para os conceitos do discurso;<\/li><li><strong>Desenvolvimento<\/strong>: momento em que a hist\u00f3ria da turma \u00e9 contada com exemplos de situa\u00e7\u00f5es vividas pela turma;<\/li><li><strong>Conclus\u00e3o<\/strong>: \u00e9 feita a reflex\u00e3o sobre o futuro profissional da turma e os agradecimentos finais.<\/li><\/ul>\n\n\n\n<h3>2. Compartilhe Experi\u00eancias Pessoais<\/h3>\n\n\n\n<p>Uma boa forma de exemplificar o tema central do discurso \u00e9 com experi\u00eancias pr\u00f3prias do orador da turma. O compartilhamento de viv\u00eancias e emo\u00e7\u00f5es que marcaram a gradua\u00e7\u00e3o, bem como as vit\u00f3rias obtidas durante o processo, s\u00e3o \u00f3timos como exemplos.<\/p>\n\n\n\n<p>Contudo, \u00e9 importante ressaltar que essas experi\u00eancias precisam ser compat\u00edveis com a realidade de todos os formandos. Ou seja, as experi\u00eancias precisam fazer com que o restante da turma se identifique.<\/p>\n\n\n\n<h3>3. Impacto, Carisma e Entusiasmo<\/h3>\n\n\n\n<p>Um bom discurso de formatura traz consigo o carisma do orador e a criatividade, que prendem a aten\u00e7\u00e3o do p\u00fablico. Al\u00e9m disso, \u00e9 preciso que a naturalidade seja transmitida, utilizando a linguagem formal, unindo per\u00edodos de descontra\u00e7\u00e3o e seriedade.<\/p>\n\n\n\n<p>A utiliza\u00e7\u00e3o do humor com express\u00f5es e piadas internas demonstram a uni\u00e3o da turma, tornando o discurso mais pessoal e \u00fanico. Al\u00e9m disso, \u00e9 importante que haja a carga emocional e que a felicidade pela conquista seja transmitida.<\/p>\n\n\n\n<h3>4. Agradecimentos \u00e0s Pessoas Importantes<\/h3>\n\n\n\n<p>Os agradecimentos \u00e0queles que foram importantes para a caminhada dos formandos n\u00e3o pode faltar no discurso de formatura. Familiares, professores, funcion\u00e1rios da universidade e figuras importantes para a jornada dos alunos precisam ser citados e agradecidos.&nbsp;<\/p>\n\n\n\n<h3>5. N\u00e3o se prenda a Discursos Prontos<\/h3>\n\n\n\n<p>O discurso de formatura precisa expressar a identidade, as supera\u00e7\u00f5es e aspectos importantes dos formandos, e isso \u00e9 totalmente pessoal, variando de turma para turma. Os discursos prontos, como os que traremos a seguir, servem somente para inspirar o orador da turma na hora de montar o pr\u00f3prio discurso, que jamais deve ser copiado.<\/p>\n\n\n\n<h2>Exemplo de Discurso de Formatura Emocionante<\/h2>\n\n\n\n<div class=\"wp-block-image\"><figure class=\"aligncenter size-large\"><img loading=\"lazy\" width=\"600\" height=\"300\" src=\"http:\/\/www.futuraconvites.com.br\/blog\/wp-content\/uploads\/2020\/07\/Discurso-de-Formatura-2.jpg\" alt=\"Discurso de Formatura (2)\" class=\"wp-image-2890\" srcset=\"https:\/\/www.futuraconvites.com.br\/blog\/wp-content\/uploads\/2020\/07\/Discurso-de-Formatura-2.jpg 600w, https:\/\/www.futuraconvites.com.br\/blog\/wp-content\/uploads\/2020\/07\/Discurso-de-Formatura-2-300x150.jpg 300w\" sizes=\"(max-width: 600px) 100vw, 600px\" \/><\/figure><\/div>\n\n\n\n<blockquote class=\"wp-block-quote\"><p><em>O progresso \u00e9 acidentado. Sempre foi assim. Mas por causa de sonhadores e inovadores e lutadores e ativistas, progresso tem sido a marca desse pa\u00eds. Gostaria de citar o Dr. Martin Luther King, Jr., que disse: \u201cO arco do universo moral \u00e9 longo, mas se inclina para a justi\u00e7a.\u201d Eu acredito nisso.<\/em><\/p><p><em>Mas creio tamb\u00e9m que o arco da nossa na\u00e7\u00e3o, o arco do mundo, n\u00e3o se inclina para a justi\u00e7a, nem para a liberdade, nem para a igualdade, nem para a prosperidade por si s\u00f3.<\/em><\/p><p><em>Depende de n\u00f3s, das escolhas que fazemos, particularmente em certos pontos de inflex\u00e3o da hist\u00f3ria.<\/em><\/p><p><em>E voc\u00ea est\u00e1 se formando em tal ponto de inflex\u00e3o. Desde o in\u00edcio desse novo mil\u00eanio, j\u00e1 testemunhou horr\u00edveis ataques terroristas, guerras, uma grande recess\u00e3o. Viu mudan\u00e7as econ\u00f4micas e tecnol\u00f3gicas e culturais que est\u00e3o alterando profundamente como trabalhamos e como nos comunicamos, como vivemos, como formamos fam\u00edlias.<\/em><\/p><p><em>O ritmo da mudan\u00e7a n\u00e3o est\u00e1 diminuindo. Est\u00e1 acelerando. E essas mudan\u00e7as oferecem n\u00e3o s\u00f3 grandes oportunidades, mas tamb\u00e9m grandes perigos.<\/em><\/p><p><em>Felizmente, sua gera\u00e7\u00e3o tem tudo que precisa para levar este pa\u00eds para um futuro mais brilhante. Estou confiante de que voc\u00eas podem fazer as escolhas certas \u2013 longe do medo, da divis\u00e3o e da paralisia, e em dire\u00e7\u00e3o \u00e0 coopera\u00e7\u00e3o, \u00e0 inova\u00e7\u00e3o e \u00e0 esperan\u00e7a.<\/em><\/p><p><em>Estou confiante porque, em m\u00e9dia, voc\u00eas s\u00e3o mais espertos e melhores educados do que a minha gera\u00e7\u00e3o \u2013 embora provavelmente tiv\u00e9ssemos melhor caligrafia.<\/em><\/p><p><em>Voc\u00eas n\u00e3o s\u00e3o apenas melhores educados, est\u00e3o mais exposto ao mundo e a outras culturas. S\u00e3o mais diversos, mais conscientes sobre o meio ambiente. Tem um ceticismo saud\u00e1vel em rela\u00e7\u00e3o \u00e0 sabedoria convencional.<\/em><\/p><p><em>Ent\u00e3o t\u00eam as ferramentas para nos guiar. E precisamente porque tenho tanta confian\u00e7a em voc\u00eas, n\u00e3o vou gastar o resto do meu tempo lhe dizendo exatamente como voc\u00ea vai fazer o mundo melhor.<\/em><\/p><p><em>Voc\u00ea vai descobrir. Voc\u00ea vai olhar para as coisas com os olhos mais frescos, sem os preconceitos e pontos cegos e in\u00e9rcia e a irrita\u00e7\u00e3o geral de seus pais e av\u00f3s e velhos como eu.<\/em><\/p><p><em>Mas eu tenho algumas sugest\u00f5es que voc\u00eas podem achar \u00fateis para conquistar o mundo.<\/em><\/p><p><em>Ponto n\u00famero um: quando voc\u00ea ouve algu\u00e9m ansiando pelos \u201cbons velhos tempos\u201d, desconfie. Acho que \u00e9 parte da natureza humana, especialmente em tempos de mudan\u00e7a e incerteza, querer olhar para tr\u00e1s e esperar por algum passado imagin\u00e1rio, quando tudo funcionou.<\/em><\/p><p><em>E adivinha s\u00f3: n\u00e3o \u00e9 assim. Os \u201cbons velhos tempos\u201d n\u00e3o foram t\u00e3o bons. Na verdade, em quase todas as medidas, a Am\u00e9rica est\u00e1 melhor e o mundo est\u00e1 melhor do que h\u00e1 50 anos, h\u00e1 30 anos ou mesmo oito anos atr\u00e1s.<\/em><\/p><p><em>Desde que me formei, uma cortina de ferro caiu, o apartheid terminou. H\u00e1 mais democracia. N\u00f3s praticamente eliminamos certas doen\u00e7as como a poliomielite. Cortamos drasticamente a pobreza extrema, reduzimos enormemente a mortalidade infantil.<\/em><\/p><p><em>Meu segundo ponto: o mundo est\u00e1 mais interconectado do que nunca. Construir paredes n\u00e3o vai mudar isso.<\/em><\/p><p><em>Se as duas \u00faltimas d\u00e9cadas nos ensinaram alguma coisa, \u00e9 que os maiores desafios que enfrentamos n\u00e3o podem ser resolvidos isoladamente. Para ajudar a n\u00f3s mesmos, temos de ajudar os outros \u2013 e n\u00e3o tentar manter o mundo fora.<\/em><\/p><p><em>Meu terceiro ponto: fatos, evid\u00eancia, raz\u00e3o, l\u00f3gica e compreens\u00e3o cient\u00edfica s\u00e3o boas coisas. S\u00e3o qualidades que voc\u00ea quer nas pessoas que fazem pol\u00edtica. S\u00e3o qualidades que voc\u00ea quer continuar a cultivar em si mesmos como cidad\u00e3os.<\/em><\/p><p><em>Parece \u00f3bvio. Mas se voc\u00ea ouve o debate pol\u00edtico de hoje, pode estar se perguntando de onde veio essa tens\u00e3o anti-intelectual.<\/em><\/p><p><em>Ent\u00e3o, Classe de 2016, deixe-me ser t\u00e3o claro quanto eu posso ser. Na pol\u00edtica e na vida, a ignor\u00e2ncia n\u00e3o \u00e9 uma virtude. N\u00e3o \u00e9 legal n\u00e3o saber do que voc\u00ea est\u00e1 falando.<\/em><\/p><p><em>Isso n\u00e3o \u00e9 mandar a real. Isso \u00e9 s\u00f3 n\u00e3o saber o que voc\u00ea est\u00e1 falando.<\/em><\/p><p><em>Hoje, em cada telefone, temos acesso a mais informa\u00e7\u00f5es do que em qualquer outro momento da hist\u00f3ria humana.<\/em><\/p><p><em>Ironicamente, o dil\u00favio de informa\u00e7\u00f5es n\u00e3o nos fez discernir melhor a verdade. De certa forma, apenas nos fez mais confiantes de nossa ignor\u00e2ncia.<\/em><\/p><p><em>Assumimos que o que est\u00e1 na web deve ser verdade. Buscamos sites que apenas refor\u00e7am nossas pr\u00f3prias predisposi\u00e7\u00f5es, opini\u00f5es mascaradas como fatos, teorias de conspira\u00e7\u00e3o das mais selvagens s\u00e3o tomadas como reais.<\/em><\/p><p><em>\u00c9 interessante que, se ficarmos doentes, queremos ter certeza de que os m\u00e9dicos tenham feito medicina. Se entrarmos num avi\u00e3o, queremos que um piloto seja capaz de pilotar o avi\u00e3o.<\/em><\/p><p><em>Em nossas vidas p\u00fablicas, no entanto, pensamos: \u201cEu n\u00e3o quero algu\u00e9m que j\u00e1 fez isso antes\u201d.<\/em><\/p><p><em>A rejei\u00e7\u00e3o dos fatos, a rejei\u00e7\u00e3o da raz\u00e3o e da ci\u00eancia \u2013 s\u00e3o o caminho para o decl\u00ednio.<\/em><\/p><p><em>Lembra as palavras de Carl Sagan, que disse: \u201cPodemos julgar nosso progresso pela coragem de nossas perguntas e pela profundidade de nossas respostas, por nossa vontade de abra\u00e7ar o que \u00e9 verdadeiro e n\u00e3o o que parece bom\u201d.<\/em><\/p><p><em>O debate em torno das mudan\u00e7as clim\u00e1ticas \u00e9 um exemplo perfeito disso. H\u00e1 provas. H\u00e1 fatos. E se n\u00e3o agirmos, sua gera\u00e7\u00e3o sentir\u00e1 o peso desta cat\u00e1strofe.<\/em><\/p><p><em>Portanto, cabe a voc\u00ea insistir e criar um debate bem informado.<\/em><\/p><p><em>Para tomar decis\u00f5es coletivas em nome de um bem comum, temos que usar nossas cabe\u00e7as. Temos que concordar que fatos e provas s\u00e3o importantes. E precisamos responsabilizar nossos l\u00edderes \u2013 e n\u00f3s mesmos \u2013 de que precisamos saber do que estamos falando.<\/em><\/p><p><em>Ponto quatro: Tenha f\u00e9 na democracia. Olha, eu sei que ela nem sempre \u00e9 bonita. Realmente, eu sei. Tenho vivido isso. Mas \u00e9 como, pouco a pouco, gera\u00e7\u00e3o por gera\u00e7\u00e3o, fizemos progressos.<\/em><\/p><p><em>Eles n\u00e3o aconteceram porque algum l\u00edder carism\u00e1tico conseguiu que todos de repente concordassem em tudo. N\u00e3o aconteceu porque alguma revolu\u00e7\u00e3o pol\u00edtica maci\u00e7a ocorreu.<\/em><\/p><p><em>Na verdade, aconteceram ao longo de anos de ativismo, organiza\u00e7\u00e3o, constru\u00e7\u00e3o de alian\u00e7as, negocia\u00e7\u00e3o e mudan\u00e7a de opini\u00e3o p\u00fablica. Aconteceram porque os americanos comuns participaram do processo pol\u00edtico.<\/em><\/p><p><em>Se voc\u00ea quiser mudar este pa\u00eds para melhor, \u00e9 melhor come\u00e7ar a participar.<\/em><\/p><p><em>E, sim, o dinheiro grande na pol\u00edtica \u00e9 um problema enorme. Temos que reduzir sua influ\u00eancia. Sim, interesses especiais e lobistas t\u00eam acesso desproporcional aos corredores do poder.<\/em><\/p><p><em>Mas, ao contr\u00e1rio do que ouvimos \u00e0s vezes, tanto da esquerda como da direita, o sistema n\u00e3o \u00e9 t\u00e3o manipulado como voc\u00ea pensa, e certamente n\u00e3o \u00e9 t\u00e3o desesperador como voc\u00ea pensa.<\/em><\/p><p><em>Os pol\u00edticos se preocupam em ser eleitos, e eles se preocupam especialmente em ser reeleitos. E se voc\u00ea votar e eleger uma maioria que representa suas opini\u00f5es, obter\u00e1 o que quer. Se optar por sair ou parar de prestar aten\u00e7\u00e3o, n\u00e3o vai. \u00c9 simples assim.<\/em><\/p><p><em>Agora, uma das raz\u00f5es que as pessoas n\u00e3o votar \u00e9 porque eles n\u00e3o v\u00eaem as mudan\u00e7as que estavam procurando de imediato.<\/em><\/p><p><em>Nenhum dos grandes passos da hist\u00f3ria aconteceu imediatamente.<\/em><\/p><p><em>Cada etapa do caminho exigiu compromisso. \u00c0s vezes voc\u00ea pegava metade do p\u00e3o. Fazia aliados. \u00c0s vezes voc\u00ea perdeu e voltou para lutar outro dia. \u00c9 assim que a democracia funciona.<\/em><\/p><p><em>Ent\u00e3o voc\u00ea tem que se comprometer a participar n\u00e3o apenas se houver gratifica\u00e7\u00e3o imediata, mas tem que ser um cidad\u00e3o em tempo integral, o tempo todo.<\/em><\/p><p><em>Se discordar de algu\u00e9m, fa\u00e7a-o defender suas posi\u00e7\u00f5es. Se algu\u00e9m tem uma id\u00e9ia ruim ou ofensiva, prove que \u00e9 errada. Debate-a. Defenda o que voc\u00ea acredita.<\/em><\/p><p><em>N\u00e3o tenha medo. N\u00e3o sinta que tem que cobrir os ouvidos porque voc\u00ea \u00e9 muito fr\u00e1gil e algu\u00e9m pode te ofender. Enfrente-os se eles n\u00e3o fizerem sentido. Use sua l\u00f3gica, sua raz\u00e3o e suas palavras.<\/em><\/p><p><em>Ao faz\u00ea-lo, voc\u00ea vai fortalecer sua pr\u00f3pria posi\u00e7\u00e3o e aprimorar seus argumentos. E talvez aprenda alguma coisa, perceba que n\u00e3o sabe tudo. De qualquer maneira, voc\u00ea ganha. E mais importante, nossa democracia ganha.<\/em><\/p><p><em>\u00c9 isso, classe de 2016.<\/em><\/p><p><em>Exceto que tenho uma \u00faltima sugest\u00e3o. Apenas uma: prepare-se para o longo prazo.<\/em><\/p><p><em>Seja qual for o caminho que escolher \u2013 neg\u00f3cios, ONGs, gest\u00e3o p\u00fablica, educa\u00e7\u00e3o, sa\u00fade, artes \u2013, voc\u00ea ter\u00e1 alguns contratempos. Vai lidar ocasionalmente com pessoas tolas, ficar\u00e1 frustrado, ter\u00e1 um chefe que n\u00e3o \u00e9 \u00f3timo.<\/em><\/p><p><em>Voc\u00ea n\u00e3o vai sempre obter tudo o que quer \u2013 pelo menos n\u00e3o t\u00e3o r\u00e1pido.<\/em><\/p><p><em>Ent\u00e3o voc\u00ea tem que ser persistente. E o sucesso, ainda que pequeno, ainda que incompleto, o sucesso ainda \u00e9 sucesso.<\/em><\/p><p><em>Eu sempre digo \u00e0s minhas filhas: melhor \u00e9 bom. Pode n\u00e3o ser perfeito, pode n\u00e3o ser grande, mas \u00e9 bom. \u00c9 assim que o progresso acontece, nas sociedades e em nossas pr\u00f3prias vidas.<\/em><\/p><p><em>Portanto, n\u00e3o perca a esperan\u00e7a se \u00e0s vezes houver um bloqueio. N\u00e3o perca a esperan\u00e7a ao enfrentar opositores.<\/em><\/p><p><em>E certamente n\u00e3o deixe a resist\u00eancia torn\u00e1-lo c\u00ednico. O cinismo \u00e9 t\u00e3o f\u00e1cil e c\u00ednicos n\u00e3o conseguem muito.<\/em><\/p><p><em>N\u00e3o perca seu tempo esperando.<\/em><\/p><p><strong><em>Por: Barack Obama<\/em><\/strong><\/p><\/blockquote>\n\n\n\n<h2>A Futura Convites<\/h2>\n\n\n\n<p>A <a href=\"http:\/\/bit.ly\/32JiWHO\" target=\"_blank\" aria-label=\"undefined (opens in a new tab)\" rel=\"noreferrer noopener\"><strong>Futura Convites<\/strong><\/a><strong> <\/strong>possui uma ampla variedade de modelos de convites de formatura. Com seu pr\u00f3prio parque gr\u00e1fico, a Futura j\u00e1 realizou o sonho de mais de 80 mil alunos, em 140 cidades diferentes. S\u00e3o quase 2 milh\u00f5es de convites produzidos e 20 anos de compromisso, criatividade, coopera\u00e7\u00e3o e impecabilidade.<\/p>\n\n\n\n<p>Tornamos o sonho de v\u00e1rios formandos em realidade com nossos convites diferenciados e de alta qualidade, se preocupando com todos os detalhes e acabamentos, desde a solicita\u00e7\u00e3o de or\u00e7amento at\u00e9 a data de entrega. Tudo \u00e9 acompanhado de perto para que voc\u00ea tenha sua satisfa\u00e7\u00e3o em primeiro lugar. E o melhor, o seu convite \u00e9 feito de forma totalmente personalizada e exclusiva!<\/p>\n\n\n\n<p>Veja todos os nossos<strong> <\/strong><a href=\"http:\/\/futuraconvites.com.br\/Convites-de-formatura.html\" target=\"_blank\" aria-label=\"undefined (opens in a new tab)\" rel=\"noreferrer noopener\"><strong>Modelos de Convites de Formatura<\/strong><\/a>.<\/p>\n\n\n\n<p>Entre em contato conosco e fa\u00e7a um <a rel=\"noreferrer noopener\" href=\"https:\/\/mkt.futuraexpress.com.br\/orcamento-fc\" target=\"_blank\"><strong>or\u00e7amento<\/strong><\/a>!<\/p>\n\n\n\n<div role=\"main\" id=\"newsletter-post-fc-18722d853e9873042a99\"><\/div>\n<script type=\"text\/javascript\" src=\"https:\/\/d335luupugsy2.cloudfront.net\/js\/rdstation-forms\/stable\/rdstation-forms.min.js\"><\/script>\n<script type=\"text\/javascript\"> new RDStationForms('newsletter-post-fc-18722d853e9873042a99', 'UA-17245279-5').createForm();<\/script>\n","protected":false},"excerpt":{"rendered":"<p>O discurso de formatura emocionante \u00e9 o momento em que o orador de uma turma de formandos do Ensino Superior \u2013 ou M\u00e9dio \u2013 discursa na cerim\u00f4nia de Cola\u00e7\u00e3o de Grau de forma a tocar o cora\u00e7\u00e3o de todos os presentes. A cola\u00e7\u00e3o de grau \u00e9 uma cerim\u00f4nia obrigat\u00f3ria na gradua\u00e7\u00e3o em que o estudante [&hellip;]<\/p>\n","protected":false},"author":10,"featured_media":2891,"comment_status":"open","ping_status":"open","sticky":false,"template":"","format":"standard","meta":[],"categories":[183],"tags":[371],"yoast_head":"<!-- This site is optimized with the Yoast SEO plugin v15.0 - https:\/\/yoast.com\/wordpress\/plugins\/seo\/ -->\r\n<title>Discurso de Formatura Emocionante - Como fazer e Exemplos!<\/title>\r\n<meta name=\"description\" content=\"Aprenda como fazer um discurso de formatura emocionante e veja outros exemplos de discursos neste artigo preparado pela Futura Convites!\" \/>\r\n<meta name=\"robots\" content=\"index, follow, max-snippet:-1, max-image-preview:large, max-video-preview:-1\" \/>\r\n<link rel=\"canonical\" href=\"http:\/\/www.futuraconvites.com.br\/blog\/discurso-de-formatura-emocionante\/\" \/>\r\n<meta property=\"og:locale\" content=\"pt_BR\" \/>\r\n<meta property=\"og:type\" content=\"article\" \/>\r\n<meta property=\"og:title\" content=\"Discurso de Formatura Emocionante - Como fazer e Exemplos!\" \/>\r\n<meta property=\"og:description\" content=\"Aprenda como fazer um discurso de formatura emocionante e veja outros exemplos de discursos neste artigo preparado pela Futura Convites!\" \/>\r\n<meta property=\"og:url\" content=\"http:\/\/www.futuraconvites.com.br\/blog\/discurso-de-formatura-emocionante\/\" \/>\r\n<meta property=\"og:site_name\" content=\"Blog Futura Convites\" \/>\r\n<meta property=\"article:publisher\" content=\"https:\/\/www.facebook.com\/futuraconvites\" \/>\r\n<meta property=\"article:published_time\" content=\"2020-07-29T10:35:12+00:00\" \/>\r\n<meta property=\"article:modified_time\" content=\"2020-09-25T14:07:09+00:00\" \/>\r\n<meta property=\"og:image\" content=\"https:\/\/www.futuraconvites.com.br\/blog\/wp-content\/uploads\/2020\/07\/Discurso-de-Formatura-Emocionante.jpg\" \/>\r\n\t<meta property=\"og:image:width\" content=\"611\" \/>\r\n\t<meta property=\"og:image:height\" content=\"305\" \/>\r\n<meta name=\"twitter:card\" content=\"summary\" \/>\r\n<meta name=\"twitter:creator\" content=\"@narasilvabh\" \/>\r\n<script type=\"application\/ld+json\" class=\"yoast-schema-graph\">{\"@context\":\"https:\/\/schema.org\",\"@graph\":[{\"@type\":\"Organization\",\"@id\":\"https:\/\/www.futuraconvites.com.br\/blog\/#organization\",\"name\":\"Futura Convites\",\"url\":\"https:\/\/www.futuraconvites.com.br\/blog\/\",\"sameAs\":[\"https:\/\/www.facebook.com\/futuraconvites\",\"https:\/\/www.instagram.com\/futuraconvites\/\",\"https:\/\/www.youtube.com\/channel\/UCUCwRP5jzATl8ja3cjDm4Iw\",\"https:\/\/br.pinterest.com\/futuraconvites\/\"],\"logo\":{\"@type\":\"ImageObject\",\"@id\":\"https:\/\/www.futuraconvites.com.br\/blog\/#logo\",\"inLanguage\":\"pt-BR\",\"url\":\"https:\/\/www.futuraconvites.com.br\/blog\/wp-content\/uploads\/2016\/07\/logo_futuraconvites.png\",\"width\":180,\"height\":72,\"caption\":\"Futura Convites\"},\"image\":{\"@id\":\"https:\/\/www.futuraconvites.com.br\/blog\/#logo\"}},{\"@type\":\"WebSite\",\"@id\":\"https:\/\/www.futuraconvites.com.br\/blog\/#website\",\"url\":\"https:\/\/www.futuraconvites.com.br\/blog\/\",\"name\":\"Blog Futura Convites\",\"description\":\"Convites, Cerim\\u00f4nias de Formatura e mais! \",\"publisher\":{\"@id\":\"https:\/\/www.futuraconvites.com.br\/blog\/#organization\"},\"potentialAction\":[{\"@type\":\"SearchAction\",\"target\":\"https:\/\/www.futuraconvites.com.br\/blog\/?s={search_term_string}\",\"query-input\":\"required name=search_term_string\"}],\"inLanguage\":\"pt-BR\"},{\"@type\":\"ImageObject\",\"@id\":\"http:\/\/www.futuraconvites.com.br\/blog\/discurso-de-formatura-emocionante\/#primaryimage\",\"inLanguage\":\"pt-BR\",\"url\":\"https:\/\/www.futuraconvites.com.br\/blog\/wp-content\/uploads\/2020\/07\/Discurso-de-Formatura-Emocionante.jpg\",\"width\":611,\"height\":305,\"caption\":\"Discurso de Formatura Emocionante\"},{\"@type\":\"WebPage\",\"@id\":\"http:\/\/www.futuraconvites.com.br\/blog\/discurso-de-formatura-emocionante\/#webpage\",\"url\":\"http:\/\/www.futuraconvites.com.br\/blog\/discurso-de-formatura-emocionante\/\",\"name\":\"Discurso de Formatura Emocionante - Como fazer e Exemplos!\",\"isPartOf\":{\"@id\":\"https:\/\/www.futuraconvites.com.br\/blog\/#website\"},\"primaryImageOfPage\":{\"@id\":\"http:\/\/www.futuraconvites.com.br\/blog\/discurso-de-formatura-emocionante\/#primaryimage\"},\"datePublished\":\"2020-07-29T10:35:12+00:00\",\"dateModified\":\"2020-09-25T14:07:09+00:00\",\"description\":\"Aprenda como fazer um discurso de formatura emocionante e veja outros exemplos de discursos neste artigo preparado pela Futura Convites!\",\"inLanguage\":\"pt-BR\",\"potentialAction\":[{\"@type\":\"ReadAction\",\"target\":[\"http:\/\/www.futuraconvites.com.br\/blog\/discurso-de-formatura-emocionante\/\"]}]},{\"@type\":\"Article\",\"@id\":\"http:\/\/www.futuraconvites.com.br\/blog\/discurso-de-formatura-emocionante\/#article\",\"isPartOf\":{\"@id\":\"http:\/\/www.futuraconvites.com.br\/blog\/discurso-de-formatura-emocionante\/#webpage\"},\"author\":{\"@id\":\"https:\/\/www.futuraconvites.com.br\/blog\/#\/schema\/person\/7b6b8964f89bbf07d39b5c00049fe8de\"},\"headline\":\"Discurso de Formatura Emocionante &#8211; Modelo Incr\\u00edvel de Discurso para Formatura\",\"datePublished\":\"2020-07-29T10:35:12+00:00\",\"dateModified\":\"2020-09-25T14:07:09+00:00\",\"mainEntityOfPage\":{\"@id\":\"http:\/\/www.futuraconvites.com.br\/blog\/discurso-de-formatura-emocionante\/#webpage\"},\"commentCount\":0,\"publisher\":{\"@id\":\"https:\/\/www.futuraconvites.com.br\/blog\/#organization\"},\"image\":{\"@id\":\"http:\/\/www.futuraconvites.com.br\/blog\/discurso-de-formatura-emocionante\/#primaryimage\"},\"keywords\":\"discurso de formatura emocionante\",\"articleSection\":\"Formatura\",\"inLanguage\":\"pt-BR\",\"potentialAction\":[{\"@type\":\"CommentAction\",\"name\":\"Comment\",\"target\":[\"http:\/\/www.futuraconvites.com.br\/blog\/discurso-de-formatura-emocionante\/#respond\"]}]},{\"@type\":\"Person\",\"@id\":\"https:\/\/www.futuraconvites.com.br\/blog\/#\/schema\/person\/7b6b8964f89bbf07d39b5c00049fe8de\",\"name\":\"Nara Silva\",\"image\":{\"@type\":\"ImageObject\",\"@id\":\"https:\/\/www.futuraconvites.com.br\/blog\/#personlogo\",\"inLanguage\":\"pt-BR\",\"url\":\"https:\/\/secure.gravatar.com\/avatar\/c9344d249d5317d270e7f823f8b16f89?s=96&d=mm&r=g\",\"caption\":\"Nara Silva\"},\"description\":\"Nara \\u00e9 estudante de Jornalismo e \\u00e9 apaixonada pela an\\u00e1lise de esportes e livros. Ela \\u00e9 redatora e especialista em SEO e faz parte da equipe de Marketing e Conte\\u00fado da Futura Express e Futura Convites. A Nara adora sair com os amigos, sempre est\\u00e1 disposta a ajudar o pr\\u00f3ximo e n\\u00e3o dispensa uma boa x\\u00edcara de caf\\u00e9. Conhe\\u00e7a mais os seus textos!\",\"sameAs\":[\"https:\/\/twitter.com\/narasilvabh\"]}]}<\/script>\r\n<!-- \/ Yoast SEO plugin. -->","_links":{"self":[{"href":"https:\/\/www.futuraconvites.com.br\/blog\/wp-json\/wp\/v2\/posts\/2888"}],"collection":[{"href":"https:\/\/www.futuraconvites.com.br\/blog\/wp-json\/wp\/v2\/posts"}],"about":[{"href":"https:\/\/www.futuraconvites.com.br\/blog\/wp-json\/wp\/v2\/types\/post"}],"author":[{"embeddable":true,"href":"https:\/\/www.futuraconvites.com.br\/blog\/wp-json\/wp\/v2\/users\/10"}],"replies":[{"embeddable":true,"href":"https:\/\/www.futuraconvites.com.br\/blog\/wp-json\/wp\/v2\/comments?post=2888"}],"version-history":[{"count":3,"href":"https:\/\/www.futuraconvites.com.br\/blog\/wp-json\/wp\/v2\/posts\/2888\/revisions"}],"predecessor-version":[{"id":3319,"href":"https:\/\/www.futuraconvites.com.br\/blog\/wp-json\/wp\/v2\/posts\/2888\/revisions\/3319"}],"wp:featuredmedia":[{"embeddable":true,"href":"https:\/\/www.futuraconvites.com.br\/blog\/wp-json\/wp\/v2\/media\/2891"}],"wp:attachment":[{"href":"https:\/\/www.futuraconvites.com.br\/blog\/wp-json\/wp\/v2\/media?parent=2888"}],"wp:term":[{"taxonomy":"category","embeddable":true,"href":"https:\/\/www.futuraconvites.com.br\/blog\/wp-json\/wp\/v2\/categories?post=2888"},{"taxonomy":"post_tag","embeddable":true,"href":"https:\/\/www.futuraconvites.com.br\/blog\/wp-json\/wp\/v2\/tags?post=2888"}],"curies":[{"name":"wp","href":"https:\/\/api.w.org\/{rel}","templated":true}]}}