{"id":2894,"date":"2020-07-29T07:47:06","date_gmt":"2020-07-29T10:47:06","guid":{"rendered":"http:\/\/www.futuraconvites.com.br\/blog\/?p=2894"},"modified":"2020-09-25T11:06:26","modified_gmt":"2020-09-25T14:06:26","slug":"agradecimento-pessoal-do-convite-de-formatura","status":"publish","type":"post","link":"https:\/\/www.futuraconvites.com.br\/blog\/agradecimento-pessoal-do-convite-de-formatura\/","title":{"rendered":"Agradecimento Pessoal do Convite de Formatura &#8211; Modelos de Mensagens de Agradecimento para se Inspirar!"},"content":{"rendered":"\n<blockquote class=\"wp-block-quote\"><p><em><strong>O agradecimento pessoal do convite de formatura \u00e9 a mensagem escrita pelo pr\u00f3prio formando. Ela tem como objetivo agradecer a todos que foram importantes para ele durante a caminhada at\u00e9 a formatura.<\/strong><\/em><\/p><\/blockquote>\n\n\n\n<p>A formatura \u00e9 o momento mais esperado por todos os alunos do Ensino Superior. Neste momento, todos os esfor\u00e7os dos estudantes s\u00e3o conclu\u00eddos, passando por v\u00e1rios desafios para conquistar o t\u00e3o esperado diploma.&nbsp;<\/p>\n\n\n\n<p>Para marcar este momento s\u00e3o celebradas in\u00fameras solenidades que fazem parte da hist\u00f3ria dos formandos. Buscando que todas as pessoas importantes acompanhem esta ocasi\u00e3o, o convite de formatura \u00e9 utilizado para convidar seus familiares, amigos e pessoas queridas.&nbsp;<\/p>\n\n\n\n<p>O<strong> <\/strong><a href=\"http:\/\/www.futuraconvites.com.br\/blog\/como-escolher-o-convite-de-formaturaideal\/\" target=\"_blank\" aria-label=\"undefined (opens in a new tab)\" rel=\"noreferrer noopener\"><strong>convite de formatura<\/strong><\/a><strong> <\/strong>deve ser t\u00e3o especial quanto todas as cerim\u00f4nias de formatura. Dentro dele, h\u00e1 um espa\u00e7o em que o formando escreve sua mensagem de formatura individual. Por isso, a Futura Convites preparou algumas dicas para te ajudar a escrever a mensagem de formatura individual. Vamos l\u00e1?<\/p>\n\n\n\n<ul><li>N\u00e3o deixe de conferir nosso<strong> <\/strong><a href=\"http:\/\/www.futuraconvites.com.br\/blog\/guia-completo-convites-de-formatura\/\" target=\"_blank\" aria-label=\"undefined (opens in a new tab)\" rel=\"noreferrer noopener\"><strong>Guia Completo do Convite de Formatura<\/strong><\/a>, com TUDO o que voc\u00ea precisa para escolher o convite ideal para sua Formatura!<\/li><\/ul>\n\n\n\n<p>Siga a Futura Convites no <a href=\"http:\/\/bit.ly\/35vYXy9\" target=\"_blank\" aria-label=\"undefined (opens in a new tab)\" rel=\"noreferrer noopener\"><strong>Instagram<\/strong><\/a><strong> <\/strong>para ver os melhores Modelos de Convites e n\u00e3o perder as novidades!<\/p>\n\n\n\n<h2>Agradecimento Pessoal do Convite de Formatura<\/h2>\n\n\n\n<div class=\"wp-block-image\"><figure class=\"aligncenter size-large\"><img loading=\"lazy\" width=\"600\" height=\"300\" src=\"http:\/\/www.futuraconvites.com.br\/blog\/wp-content\/uploads\/2020\/07\/Agradecimento-Pessoal-2.jpg\" alt=\"Agradecimento Pessoal (2)\" class=\"wp-image-2896\" srcset=\"https:\/\/www.futuraconvites.com.br\/blog\/wp-content\/uploads\/2020\/07\/Agradecimento-Pessoal-2.jpg 600w, https:\/\/www.futuraconvites.com.br\/blog\/wp-content\/uploads\/2020\/07\/Agradecimento-Pessoal-2-300x150.jpg 300w\" sizes=\"(max-width: 600px) 100vw, 600px\" \/><\/figure><\/div>\n\n\n\n<p>1. <em>Ao longo dessa trajet\u00f3ria muitos foram os desafios superados. Cinco anos de dedica\u00e7\u00e3o e apoio de muitos. Comemoro esta vit\u00f3ria, mas, sozinha, n\u00e3o teria conseguido. Agrade\u00e7o, ent\u00e3o, a todos que colaboraram para a efetiva\u00e7\u00e3o da minha caminhada at\u00e9 aqui. Agrade\u00e7o aos meus pais e irm\u00e3os pelo carinho e suporte durante essa jornada; sem voc\u00eas nada disto seria poss\u00edvel. A todos os amigos e familiares que demonstraram apoio e carinho ao longo desses anos, em especial \u00e0queles que me provaram que dist\u00e2ncia nem sempre \u00e9 uma barreira e se fizeram presentes mesmo distantes fisicamente. Tamb\u00e9m agrade\u00e7o aos que se fizeram fam\u00edlia e foram cruciais nessa jornada. Aos colegas que muito me apoiaram e me incentivaram, \u00e0s amigas e amigos que descobri em sala todos os dias, a todos os professores e supervisores que contribu\u00edram grandemente para o meu crescimento profissional, transmitindo a mim n\u00e3o somente teorias, mas tamb\u00e9m a \u00e9tica, a dedica\u00e7\u00e3o e o amor no que se faz: muito obrigado! Conviver com cada um de voc\u00eas tornou essa experi\u00eancia mais leve, alegre, gratificante e encantadora.<\/em><\/p>\n\n\n\n<p>2. <em>\u201cPorque sou eu que conhe\u00e7o os planos que tenho para voc\u00eas, diz o Senhor, planos de faz\u00ea-los prosperar e n\u00e3o de causar dano, planos de dar a voc\u00eas esperan\u00e7a e um futuro.\u201d (JR 29:11-12). Meu futuro come\u00e7ou a ser trilhado h\u00e1 5 anos quando voc\u00ea, pai, apostou todas as fichas em mim. Enquanto fui sonho, voc\u00ea foi minha \u00e2ncora, meus p\u00e9s no ch\u00e3o, e nunca duvidou da minha capacidade. Foi voc\u00ea que me ensinou virtudes indispens\u00e1veis e eu n\u00e3o poderia ter aprendido tudo o que aprendi e ter me tornado uma pessoa melhor se voc\u00ea n\u00e3o existisse. \u00c0 minha m\u00e3e que me fez forte, agrade\u00e7o por todas as ora\u00e7\u00f5es e pelo seu amor dedicado a mim. Sou grata aos meus av\u00f3s, os alicerces da minha vida. Tias e tios, essa conquista tamb\u00e9m pertence a voc\u00eas que me devotaram tanto amor, que me guiaram e foram pe\u00e7as cruciais na minha forma\u00e7\u00e3o pessoal. Primos e amigos, voc\u00eas s\u00e3o a verdadeira defini\u00e7\u00e3o de apoio e uni\u00e3o. Todos s\u00e3o igualmente especiais e quero que sintam a extens\u00e3o de toda a minha gratid\u00e3o. Por fim, dedico aos meus irm\u00e3os, que me inspiram e me motivam, a minha formatura, a minha maior realiza\u00e7\u00e3o!<\/em><\/p>\n\n\n\n<p>3. <em>Depois de tanta persist\u00eancia, noites de estudo sem fim, entre algumas derrotas mas tamb\u00e9m muitas vit\u00f3rias, finalmente consegui chegar ao t\u00e3o aguardado momento da formatura. \u00c9 hora de olhar para tr\u00e1s, sentir um pouco de orgulho por todo caminho percorrido, e de agradecer a Deus por ter estado ao meu lado em cada instante desse percurso. Minhas gratid\u00e3o ser\u00e1 infinita para com Ele e para com todas as pessoas que sempre me deram for\u00e7as. Esta etapa chega ao fim e eu s\u00f3 pe\u00e7o que a vida me d\u00ea a oportunidade de viver muitas mais experi\u00eancias assim.<\/em><\/p>\n\n\n\n<div class=\"wp-block-image\"><figure class=\"aligncenter size-large\"><img loading=\"lazy\" width=\"600\" height=\"300\" src=\"http:\/\/www.futuraconvites.com.br\/blog\/wp-content\/uploads\/2020\/07\/Agradecimento-Pessoal-1.jpg\" alt=\"Agradecimento Pessoal (1)\" class=\"wp-image-2895\" srcset=\"https:\/\/www.futuraconvites.com.br\/blog\/wp-content\/uploads\/2020\/07\/Agradecimento-Pessoal-1.jpg 600w, https:\/\/www.futuraconvites.com.br\/blog\/wp-content\/uploads\/2020\/07\/Agradecimento-Pessoal-1-300x150.jpg 300w\" sizes=\"(max-width: 600px) 100vw, 600px\" \/><\/figure><\/div>\n\n\n\n<p>4. <em>\u00c9 \u00fanico o sentimento de cada formando diante de um momento t\u00e3o especial. Afinal, \u00e9 o momento que abrigou emo\u00e7\u00f5es indescrit\u00edveis, proporcionou experi\u00eancias singulares e fez com que pessoas t\u00e3o diferentes tornaram-se t\u00e3o pr\u00f3ximas. Cada sorriso, abra\u00e7o e olhar marcaram cora\u00e7\u00f5es, e, assim, a busca constante por algo deu lugar \u00e0 magia de poder partilhar sensa\u00e7\u00f5es intensas e novas. O que nos faz ser grandes \u00e9 n\u00e3o perder o futuro de vista. Al\u00e9m disso, o que nos movimenta \u00e9 a vontade, o desejo e, tamb\u00e9m, a ang\u00fastia, a ang\u00fastia de querer ser. \u00c9 chegar a um ponto, fincar a bandeira da conquista e, neste instante, come\u00e7ar a buscar outros portos. Ent\u00e3o, passados longos, no entanto, r\u00e1pidos cinco anos, estes de lutas, conquistas, trope\u00e7os, amizades, realiza\u00e7\u00f5es, frustra\u00e7\u00f5es, finalizamos uma batalha e logo daremos in\u00edcio a outra. Descobrimos que n\u00e3o s\u00f3 nos envolvemos, mas fomos absorvidos por tamanho entusiasmo e empenho, e temos a sensa\u00e7\u00e3o, hoje, de que tudo que foi escolhido teve um prop\u00f3sito para o crescimento do grupo.<\/em><\/p>\n\n\n\n<p>5. <em>As minhas l\u00e1grimas e o meu suor deram frutos. Tudo que lutei, que venci, superei, tudo foi o cultivo para o que hoje come\u00e7o a semear. Por isso, nesta minha formatura, quero ao meu lado as pessoas que me acompanharam ao longo de todo este percurso. Sintam-se convidados! Quero abra\u00e7os, palavras honestas com votos de sucesso, beijos e olhares sinceros. \u00c9 exatamente isso que eu preciso hoje. Por isso, quero olhar para todas as pessoas e com meu cora\u00e7\u00e3o agradecer a cada uma pelo que me ajudaram. Esta formatura n\u00e3o \u00e9 s\u00f3 minha, mas de quem batalhou ao meu lado. A todos os meus familiares e amigos, aos colegas e a todos os professores e institui\u00e7\u00e3o eu deixo um agradecimento. Estou feliz gra\u00e7as a voc\u00eas!<\/em><\/p>\n\n\n\n<h2>A Futura Convites<\/h2>\n\n\n\n<p>A <a href=\"http:\/\/bit.ly\/32JiWHO\" target=\"_blank\" aria-label=\"undefined (opens in a new tab)\" rel=\"noreferrer noopener\"><strong>Futura Convites<\/strong><\/a><strong> <\/strong>possui uma ampla variedade de modelos de convites de formatura. Com seu pr\u00f3prio parque gr\u00e1fico, a Futura j\u00e1 realizou o sonho de mais de 80 mil alunos, em 140 cidades diferentes. S\u00e3o quase 2 milh\u00f5es de convites produzidos e 20 anos de compromisso, criatividade, coopera\u00e7\u00e3o e impecabilidade.<\/p>\n\n\n\n<p>Tornamos o sonho de v\u00e1rios formandos em realidade com nossos convites diferenciados e de alta qualidade, se preocupando com todos os detalhes e acabamentos, desde a solicita\u00e7\u00e3o de or\u00e7amento at\u00e9 a data de entrega. Tudo \u00e9 acompanhado de perto para que voc\u00ea tenha sua satisfa\u00e7\u00e3o em primeiro lugar. E o melhor, o seu convite \u00e9 feito de forma totalmente personalizada e exclusiva!<\/p>\n\n\n\n<p>Veja todos os nossos<strong> <\/strong><a href=\"http:\/\/futuraconvites.com.br\/Convites-de-formatura.html\" target=\"_blank\" aria-label=\"undefined (opens in a new tab)\" rel=\"noreferrer noopener\"><strong>Modelos de Convites de Formatura<\/strong><\/a>.<br><\/p>\n\n\n\n<p>Entre em contato conosco e fa\u00e7a um <a rel=\"noreferrer noopener\" href=\"https:\/\/mkt.futuraexpress.com.br\/orcamento-fc\" target=\"_blank\"><strong>or\u00e7amento<\/strong><\/a>!<\/p>\n\n\n\n<div role=\"main\" id=\"newsletter-post-fc-18722d853e9873042a99\"><\/div>\n<script type=\"text\/javascript\" src=\"https:\/\/d335luupugsy2.cloudfront.net\/js\/rdstation-forms\/stable\/rdstation-forms.min.js\"><\/script>\n<script type=\"text\/javascript\"> new RDStationForms('newsletter-post-fc-18722d853e9873042a99', 'UA-17245279-5').createForm();<\/script>\n","protected":false},"excerpt":{"rendered":"<p>O agradecimento pessoal do convite de formatura \u00e9 a mensagem escrita pelo pr\u00f3prio formando. Ela tem como objetivo agradecer a todos que foram importantes para ele durante a caminhada at\u00e9 a formatura. A formatura \u00e9 o momento mais esperado por todos os alunos do Ensino Superior. Neste momento, todos os esfor\u00e7os dos estudantes s\u00e3o conclu\u00eddos, [&hellip;]<\/p>\n","protected":false},"author":10,"featured_media":2898,"comment_status":"open","ping_status":"open","sticky":false,"template":"","format":"standard","meta":[],"categories":[181],"tags":[372],"yoast_head":"<!-- This site is optimized with the Yoast SEO plugin v15.0 - https:\/\/yoast.com\/wordpress\/plugins\/seo\/ -->\r\n<title>Agradecimento Pessoal do Convite de Formatura - Ideias para se Inspirar!<\/title>\r\n<meta name=\"description\" content=\"Confira ideias incr\u00edveis de Agradecimento Pessoal do Convite de Formatura neste artigo preparado pela Futura Convites para te inspirar!\" \/>\r\n<meta name=\"robots\" content=\"index, follow, max-snippet:-1, max-image-preview:large, max-video-preview:-1\" \/>\r\n<link rel=\"canonical\" href=\"http:\/\/www.futuraconvites.com.br\/blog\/agradecimento-pessoal-do-convite-de-formatura\/\" \/>\r\n<meta property=\"og:locale\" content=\"pt_BR\" \/>\r\n<meta property=\"og:type\" content=\"article\" \/>\r\n<meta property=\"og:title\" content=\"Agradecimento Pessoal do Convite de Formatura - Ideias para se Inspirar!\" \/>\r\n<meta property=\"og:description\" content=\"Confira ideias incr\u00edveis de Agradecimento Pessoal do Convite de Formatura neste artigo preparado pela Futura Convites para te inspirar!\" \/>\r\n<meta property=\"og:url\" content=\"http:\/\/www.futuraconvites.com.br\/blog\/agradecimento-pessoal-do-convite-de-formatura\/\" \/>\r\n<meta property=\"og:site_name\" content=\"Blog Futura Convites\" \/>\r\n<meta property=\"article:publisher\" content=\"https:\/\/www.facebook.com\/futuraconvites\" \/>\r\n<meta property=\"article:published_time\" content=\"2020-07-29T10:47:06+00:00\" \/>\r\n<meta property=\"article:modified_time\" content=\"2020-09-25T14:06:26+00:00\" \/>\r\n<meta property=\"og:image\" content=\"https:\/\/www.futuraconvites.com.br\/blog\/wp-content\/uploads\/2020\/07\/Agradecimento-Pessoal-do-Convite-de-Formatura.jpg\" \/>\r\n\t<meta property=\"og:image:width\" content=\"611\" \/>\r\n\t<meta property=\"og:image:height\" content=\"305\" \/>\r\n<meta name=\"twitter:card\" content=\"summary\" \/>\r\n<meta name=\"twitter:creator\" content=\"@narasilvabh\" \/>\r\n<script type=\"application\/ld+json\" class=\"yoast-schema-graph\">{\"@context\":\"https:\/\/schema.org\",\"@graph\":[{\"@type\":\"Organization\",\"@id\":\"https:\/\/www.futuraconvites.com.br\/blog\/#organization\",\"name\":\"Futura Convites\",\"url\":\"https:\/\/www.futuraconvites.com.br\/blog\/\",\"sameAs\":[\"https:\/\/www.facebook.com\/futuraconvites\",\"https:\/\/www.instagram.com\/futuraconvites\/\",\"https:\/\/www.youtube.com\/channel\/UCUCwRP5jzATl8ja3cjDm4Iw\",\"https:\/\/br.pinterest.com\/futuraconvites\/\"],\"logo\":{\"@type\":\"ImageObject\",\"@id\":\"https:\/\/www.futuraconvites.com.br\/blog\/#logo\",\"inLanguage\":\"pt-BR\",\"url\":\"https:\/\/www.futuraconvites.com.br\/blog\/wp-content\/uploads\/2016\/07\/logo_futuraconvites.png\",\"width\":180,\"height\":72,\"caption\":\"Futura Convites\"},\"image\":{\"@id\":\"https:\/\/www.futuraconvites.com.br\/blog\/#logo\"}},{\"@type\":\"WebSite\",\"@id\":\"https:\/\/www.futuraconvites.com.br\/blog\/#website\",\"url\":\"https:\/\/www.futuraconvites.com.br\/blog\/\",\"name\":\"Blog Futura Convites\",\"description\":\"Convites, Cerim\\u00f4nias de Formatura e mais! \",\"publisher\":{\"@id\":\"https:\/\/www.futuraconvites.com.br\/blog\/#organization\"},\"potentialAction\":[{\"@type\":\"SearchAction\",\"target\":\"https:\/\/www.futuraconvites.com.br\/blog\/?s={search_term_string}\",\"query-input\":\"required name=search_term_string\"}],\"inLanguage\":\"pt-BR\"},{\"@type\":\"ImageObject\",\"@id\":\"http:\/\/www.futuraconvites.com.br\/blog\/agradecimento-pessoal-do-convite-de-formatura\/#primaryimage\",\"inLanguage\":\"pt-BR\",\"url\":\"https:\/\/www.futuraconvites.com.br\/blog\/wp-content\/uploads\/2020\/07\/Agradecimento-Pessoal-do-Convite-de-Formatura.jpg\",\"width\":611,\"height\":305,\"caption\":\"Agradecimento Pessoal do Convite de Formatura\"},{\"@type\":\"WebPage\",\"@id\":\"http:\/\/www.futuraconvites.com.br\/blog\/agradecimento-pessoal-do-convite-de-formatura\/#webpage\",\"url\":\"http:\/\/www.futuraconvites.com.br\/blog\/agradecimento-pessoal-do-convite-de-formatura\/\",\"name\":\"Agradecimento Pessoal do Convite de Formatura - Ideias para se Inspirar!\",\"isPartOf\":{\"@id\":\"https:\/\/www.futuraconvites.com.br\/blog\/#website\"},\"primaryImageOfPage\":{\"@id\":\"http:\/\/www.futuraconvites.com.br\/blog\/agradecimento-pessoal-do-convite-de-formatura\/#primaryimage\"},\"datePublished\":\"2020-07-29T10:47:06+00:00\",\"dateModified\":\"2020-09-25T14:06:26+00:00\",\"description\":\"Confira ideias incr\\u00edveis de Agradecimento Pessoal do Convite de Formatura neste artigo preparado pela Futura Convites para te inspirar!\",\"inLanguage\":\"pt-BR\",\"potentialAction\":[{\"@type\":\"ReadAction\",\"target\":[\"http:\/\/www.futuraconvites.com.br\/blog\/agradecimento-pessoal-do-convite-de-formatura\/\"]}]},{\"@type\":\"Article\",\"@id\":\"http:\/\/www.futuraconvites.com.br\/blog\/agradecimento-pessoal-do-convite-de-formatura\/#article\",\"isPartOf\":{\"@id\":\"http:\/\/www.futuraconvites.com.br\/blog\/agradecimento-pessoal-do-convite-de-formatura\/#webpage\"},\"author\":{\"@id\":\"https:\/\/www.futuraconvites.com.br\/blog\/#\/schema\/person\/7b6b8964f89bbf07d39b5c00049fe8de\"},\"headline\":\"Agradecimento Pessoal do Convite de Formatura &#8211; Modelos de Mensagens de Agradecimento para se Inspirar!\",\"datePublished\":\"2020-07-29T10:47:06+00:00\",\"dateModified\":\"2020-09-25T14:06:26+00:00\",\"mainEntityOfPage\":{\"@id\":\"http:\/\/www.futuraconvites.com.br\/blog\/agradecimento-pessoal-do-convite-de-formatura\/#webpage\"},\"commentCount\":0,\"publisher\":{\"@id\":\"https:\/\/www.futuraconvites.com.br\/blog\/#organization\"},\"image\":{\"@id\":\"http:\/\/www.futuraconvites.com.br\/blog\/agradecimento-pessoal-do-convite-de-formatura\/#primaryimage\"},\"keywords\":\"agradecimento pessoal do convite de formatura\",\"articleSection\":\"Convites de Formatura\",\"inLanguage\":\"pt-BR\",\"potentialAction\":[{\"@type\":\"CommentAction\",\"name\":\"Comment\",\"target\":[\"http:\/\/www.futuraconvites.com.br\/blog\/agradecimento-pessoal-do-convite-de-formatura\/#respond\"]}]},{\"@type\":\"Person\",\"@id\":\"https:\/\/www.futuraconvites.com.br\/blog\/#\/schema\/person\/7b6b8964f89bbf07d39b5c00049fe8de\",\"name\":\"Nara Silva\",\"image\":{\"@type\":\"ImageObject\",\"@id\":\"https:\/\/www.futuraconvites.com.br\/blog\/#personlogo\",\"inLanguage\":\"pt-BR\",\"url\":\"https:\/\/secure.gravatar.com\/avatar\/c9344d249d5317d270e7f823f8b16f89?s=96&d=mm&r=g\",\"caption\":\"Nara Silva\"},\"description\":\"Nara \\u00e9 estudante de Jornalismo e \\u00e9 apaixonada pela an\\u00e1lise de esportes e livros. Ela \\u00e9 redatora e especialista em SEO e faz parte da equipe de Marketing e Conte\\u00fado da Futura Express e Futura Convites. A Nara adora sair com os amigos, sempre est\\u00e1 disposta a ajudar o pr\\u00f3ximo e n\\u00e3o dispensa uma boa x\\u00edcara de caf\\u00e9. Conhe\\u00e7a mais os seus textos!\",\"sameAs\":[\"https:\/\/twitter.com\/narasilvabh\"]}]}<\/script>\r\n<!-- \/ Yoast SEO plugin. -->","_links":{"self":[{"href":"https:\/\/www.futuraconvites.com.br\/blog\/wp-json\/wp\/v2\/posts\/2894"}],"collection":[{"href":"https:\/\/www.futuraconvites.com.br\/blog\/wp-json\/wp\/v2\/posts"}],"about":[{"href":"https:\/\/www.futuraconvites.com.br\/blog\/wp-json\/wp\/v2\/types\/post"}],"author":[{"embeddable":true,"href":"https:\/\/www.futuraconvites.com.br\/blog\/wp-json\/wp\/v2\/users\/10"}],"replies":[{"embeddable":true,"href":"https:\/\/www.futuraconvites.com.br\/blog\/wp-json\/wp\/v2\/comments?post=2894"}],"version-history":[{"count":3,"href":"https:\/\/www.futuraconvites.com.br\/blog\/wp-json\/wp\/v2\/posts\/2894\/revisions"}],"predecessor-version":[{"id":3318,"href":"https:\/\/www.futuraconvites.com.br\/blog\/wp-json\/wp\/v2\/posts\/2894\/revisions\/3318"}],"wp:featuredmedia":[{"embeddable":true,"href":"https:\/\/www.futuraconvites.com.br\/blog\/wp-json\/wp\/v2\/media\/2898"}],"wp:attachment":[{"href":"https:\/\/www.futuraconvites.com.br\/blog\/wp-json\/wp\/v2\/media?parent=2894"}],"wp:term":[{"taxonomy":"category","embeddable":true,"href":"https:\/\/www.futuraconvites.com.br\/blog\/wp-json\/wp\/v2\/categories?post=2894"},{"taxonomy":"post_tag","embeddable":true,"href":"https:\/\/www.futuraconvites.com.br\/blog\/wp-json\/wp\/v2\/tags?post=2894"}],"curies":[{"name":"wp","href":"https:\/\/api.w.org\/{rel}","templated":true}]}}